{"id":2655,"date":"2014-12-15T18:28:43","date_gmt":"2014-12-15T16:28:43","guid":{"rendered":"http:\/\/www.azelot.fr\/?p=2655"},"modified":"2014-12-17T10:15:06","modified_gmt":"2014-12-17T08:15:06","slug":"le-salon-des-vignerons-3","status":"publish","type":"post","link":"https:\/\/www.azelot.fr\/?p=2655","title":{"rendered":"Le salon des vignerons"},"content":{"rendered":"<p>Pour sa dixi\u00e8me \u00e9dition, le\u00a0\u00bb salon des vignerons\u00a0\u00bb organis\u00e9 par le club \u0153nophile du foyer rural a encore connu un beau succ\u00e8s.<\/p>\n<p>Comme les autres ann\u00e9es, quinze vignerons venant de quinze r\u00e9gions fran\u00e7aises diff\u00e9rentes avaient investi la salle communale.<\/p>\n<p style=\"text-align: center;\"><a href=\"https:\/\/www.azelot.fr\/wp-content\/uploads\/2014\/12\/002.jpg\" data-rel=\"lightbox-gallery-5SsG9ZMi\" data-rl_title=\"\" data-rl_caption=\"\" title=\"\"><img loading=\"lazy\" decoding=\"async\" class=\"aligncenter size-large wp-image-2656\" src=\"https:\/\/www.azelot.fr\/wp-content\/uploads\/2014\/12\/002-1024x639.jpg\" alt=\"002\" width=\"960\" height=\"599\" srcset=\"https:\/\/www.azelot.fr\/wp-content\/uploads\/2014\/12\/002-1024x639.jpg 1024w, https:\/\/www.azelot.fr\/wp-content\/uploads\/2014\/12\/002-300x187.jpg 300w\" sizes=\"auto, (max-width: 960px) 100vw, 960px\" \/><\/a><\/p>\n<p style=\"text-align: left;\">Le public est compos\u00e9 d&rsquo;un certain nombre de \u00ab\u00a0fid\u00e8les\u00a0\u00bb sachant ce qu&rsquo;il vient acheter, mais aussi de nouveaux venus d\u00e9couvrir ce salon atypique. Si bien que pendant deux jours, il y a foule autour des stands o\u00f9 l&rsquo;on peut d\u00e9guster diff\u00e9rents vins et discuter directement avec le producteur sur son travail de la vigne et de l&rsquo;\u00e9levage de son vin.<\/p>\n<p style=\"text-align: center;\"><a href=\"https:\/\/www.azelot.fr\/wp-content\/uploads\/2014\/12\/0211.jpg\" data-rel=\"lightbox-gallery-5SsG9ZMi\" data-rl_title=\"\" data-rl_caption=\"\" title=\"\"><img loading=\"lazy\" decoding=\"async\" class=\"aligncenter size-large wp-image-2657\" src=\"https:\/\/www.azelot.fr\/wp-content\/uploads\/2014\/12\/0211-1024x768.jpg\" alt=\"021\" width=\"960\" height=\"720\" srcset=\"https:\/\/www.azelot.fr\/wp-content\/uploads\/2014\/12\/0211-1024x768.jpg 1024w, https:\/\/www.azelot.fr\/wp-content\/uploads\/2014\/12\/0211-300x225.jpg 300w\" sizes=\"auto, (max-width: 960px) 100vw, 960px\" \/><\/a><\/p>\n<p style=\"text-align: center;\"><a href=\"https:\/\/www.azelot.fr\/wp-content\/uploads\/2014\/12\/0031.jpg\" data-rel=\"lightbox-gallery-5SsG9ZMi\" data-rl_title=\"\" data-rl_caption=\"\" title=\"\"><img loading=\"lazy\" decoding=\"async\" class=\"aligncenter size-large wp-image-2658\" src=\"https:\/\/www.azelot.fr\/wp-content\/uploads\/2014\/12\/0031-1024x768.jpg\" alt=\"003\" width=\"960\" height=\"720\" srcset=\"https:\/\/www.azelot.fr\/wp-content\/uploads\/2014\/12\/0031-1024x768.jpg 1024w, https:\/\/www.azelot.fr\/wp-content\/uploads\/2014\/12\/0031-300x225.jpg 300w\" sizes=\"auto, (max-width: 960px) 100vw, 960px\" \/><\/a><\/p>\n<p style=\"text-align: left;\">L&rsquo;entr\u00e9e est libre, mais les b\u00e9n\u00e9voles proposent \u00e0 la vente, des verres de d\u00e9gustation frapp\u00e9s du blason d&rsquo;Azelot, et cette ann\u00e9e, X\u00e8me anniversaire oblige, ils \u00e9taient diff\u00e9rents.<\/p>\n<p style=\"text-align: left;\"><a href=\"https:\/\/www.azelot.fr\/wp-content\/uploads\/2014\/12\/024.jpg\" data-rel=\"lightbox-gallery-5SsG9ZMi\" data-rl_title=\"\" data-rl_caption=\"\" title=\"\"><img loading=\"lazy\" decoding=\"async\" class=\"aligncenter size-large wp-image-2659\" src=\"https:\/\/www.azelot.fr\/wp-content\/uploads\/2014\/12\/024-1024x768.jpg\" alt=\"024\" width=\"960\" height=\"720\" srcset=\"https:\/\/www.azelot.fr\/wp-content\/uploads\/2014\/12\/024-1024x768.jpg 1024w, https:\/\/www.azelot.fr\/wp-content\/uploads\/2014\/12\/024-300x225.jpg 300w\" sizes=\"auto, (max-width: 960px) 100vw, 960px\" \/><\/a><\/p>\n<p style=\"text-align: left;\">Bien s\u00fbr, pour organiser un tel \u00e9v\u00e8nement, il en faut des b\u00e9n\u00e9voles, car il y a beaucoup de choses \u00e0 faire : distribuer les tracts, pr\u00e9parer la salle, pr\u00e9parer les repas pour les exposants, vendre les verres&#8230;Merci \u00e0 eux car la r\u00e9ussite de ce salon, c&rsquo;est aussi gr\u00e2ce \u00e0 eux.<\/p>\n<p style=\"text-align: left;\">A l&rsquo;ann\u00e9e prochaine.<\/p>\n\n\t\t<style type=\"text\/css\">\n\t\t\t#gallery-1 {\n\t\t\t\tmargin: auto;\n\t\t\t}\n\t\t\t#gallery-1 .gallery-item {\n\t\t\t\tfloat: left;\n\t\t\t\tmargin-top: 10px;\n\t\t\t\ttext-align: center;\n\t\t\t\twidth: 33%;\n\t\t\t}\n\t\t\t#gallery-1 img {\n\t\t\t\tborder: 2px solid #cfcfcf;\n\t\t\t}\n\t\t\t#gallery-1 .gallery-caption {\n\t\t\t\tmargin-left: 0;\n\t\t\t}\n\t\t\t\/* see gallery_shortcode() in wp-includes\/media.php *\/\n\t\t<\/style>\n\t\t<div id='gallery-1' class='gallery galleryid-2655 gallery-columns-3 gallery-size-thumbnail'><dl class='gallery-item'>\n\t\t\t<dt class='gallery-icon landscape'>\n\t\t\t\t<a href='https:\/\/www.azelot.fr\/wp-content\/uploads\/2014\/12\/0011.jpg' title=\"La foule se presse d\u00e8s le samedi\" data-rl_title=\"La foule se presse d\u00e8s le samedi\" class=\"rl-gallery-link\" data-rl_caption=\"\" data-rel=\"lightbox-gallery-1\"><img loading=\"lazy\" decoding=\"async\" width=\"150\" height=\"150\" src=\"https:\/\/www.azelot.fr\/wp-content\/uploads\/2014\/12\/0011-150x150.jpg\" class=\"attachment-thumbnail size-thumbnail\" alt=\"\" aria-describedby=\"gallery-1-2662\" \/><\/a>\n\t\t\t<\/dt>\n\t\t\t\t<dd class='wp-caption-text gallery-caption' id='gallery-1-2662'>\n\t\t\t\tLa foule se presse d\u00e8s le samedi\n\t\t\t\t<\/dd><\/dl><dl class='gallery-item'>\n\t\t\t<dt class='gallery-icon landscape'>\n\t\t\t\t<a href='https:\/\/www.azelot.fr\/wp-content\/uploads\/2014\/12\/0032.jpg' title=\"Le Languedoc avec le Domaine de l&#039;Horte\" data-rl_title=\"Le Languedoc avec le Domaine de l&#039;Horte\" class=\"rl-gallery-link\" data-rl_caption=\"\" data-rel=\"lightbox-gallery-1\"><img loading=\"lazy\" decoding=\"async\" width=\"150\" height=\"150\" src=\"https:\/\/www.azelot.fr\/wp-content\/uploads\/2014\/12\/0032-150x150.jpg\" class=\"attachment-thumbnail size-thumbnail\" alt=\"\" aria-describedby=\"gallery-1-2663\" \/><\/a>\n\t\t\t<\/dt>\n\t\t\t\t<dd class='wp-caption-text gallery-caption' id='gallery-1-2663'>\n\t\t\t\tLe Languedoc avec le Domaine de l&rsquo;Horte\n\t\t\t\t<\/dd><\/dl><dl class='gallery-item'>\n\t\t\t<dt class='gallery-icon landscape'>\n\t\t\t\t<a href='https:\/\/www.azelot.fr\/wp-content\/uploads\/2014\/12\/004-2.jpg' title=\"On discute et on d\u00e9guste\" data-rl_title=\"On discute et on d\u00e9guste\" class=\"rl-gallery-link\" data-rl_caption=\"\" data-rel=\"lightbox-gallery-1\"><img loading=\"lazy\" decoding=\"async\" width=\"150\" height=\"150\" src=\"https:\/\/www.azelot.fr\/wp-content\/uploads\/2014\/12\/004-2-150x150.jpg\" class=\"attachment-thumbnail size-thumbnail\" alt=\"\" aria-describedby=\"gallery-1-2664\" \/><\/a>\n\t\t\t<\/dt>\n\t\t\t\t<dd class='wp-caption-text gallery-caption' id='gallery-1-2664'>\n\t\t\t\tOn discute et on d\u00e9guste\n\t\t\t\t<\/dd><\/dl><br style=\"clear: both\" \/><dl class='gallery-item'>\n\t\t\t<dt class='gallery-icon landscape'>\n\t\t\t\t<a href='https:\/\/www.azelot.fr\/wp-content\/uploads\/2014\/12\/0041.jpg' title=\"Lorsque des vignerons parlent de vin\" data-rl_title=\"Lorsque des vignerons parlent de vin\" class=\"rl-gallery-link\" data-rl_caption=\"\" data-rel=\"lightbox-gallery-1\"><img loading=\"lazy\" decoding=\"async\" width=\"150\" height=\"150\" src=\"https:\/\/www.azelot.fr\/wp-content\/uploads\/2014\/12\/0041-150x150.jpg\" class=\"attachment-thumbnail size-thumbnail\" alt=\"\" aria-describedby=\"gallery-1-2665\" \/><\/a>\n\t\t\t<\/dt>\n\t\t\t\t<dd class='wp-caption-text gallery-caption' id='gallery-1-2665'>\n\t\t\t\tLorsque des vignerons parlent de vin\n\t\t\t\t<\/dd><\/dl><dl class='gallery-item'>\n\t\t\t<dt class='gallery-icon portrait'>\n\t\t\t\t<a href='https:\/\/www.azelot.fr\/wp-content\/uploads\/2014\/12\/006-2.jpg' title=\"Les vignerons comparent leurs vins !\" data-rl_title=\"Les vignerons comparent leurs vins !\" class=\"rl-gallery-link\" data-rl_caption=\"\" data-rel=\"lightbox-gallery-1\"><img loading=\"lazy\" decoding=\"async\" width=\"150\" height=\"150\" src=\"https:\/\/www.azelot.fr\/wp-content\/uploads\/2014\/12\/006-2-150x150.jpg\" class=\"attachment-thumbnail size-thumbnail\" alt=\"\" aria-describedby=\"gallery-1-2666\" \/><\/a>\n\t\t\t<\/dt>\n\t\t\t\t<dd class='wp-caption-text gallery-caption' id='gallery-1-2666'>\n\t\t\t\tLes vignerons comparent leurs vins !\n\t\t\t\t<\/dd><\/dl><dl class='gallery-item'>\n\t\t\t<dt class='gallery-icon portrait'>\n\t\t\t\t<a href='https:\/\/www.azelot.fr\/wp-content\/uploads\/2014\/12\/007.jpg' title=\"Le Cahors du Ch\u00e2teau Combarieu\" data-rl_title=\"Le Cahors du Ch\u00e2teau Combarieu\" class=\"rl-gallery-link\" data-rl_caption=\"\" data-rel=\"lightbox-gallery-1\"><img loading=\"lazy\" decoding=\"async\" width=\"150\" height=\"150\" src=\"https:\/\/www.azelot.fr\/wp-content\/uploads\/2014\/12\/007-150x150.jpg\" class=\"attachment-thumbnail size-thumbnail\" alt=\"\" aria-describedby=\"gallery-1-2668\" \/><\/a>\n\t\t\t<\/dt>\n\t\t\t\t<dd class='wp-caption-text gallery-caption' id='gallery-1-2668'>\n\t\t\t\tLe Cahors du Ch\u00e2teau Combarieu\n\t\t\t\t<\/dd><\/dl><br style=\"clear: both\" \/><dl class='gallery-item'>\n\t\t\t<dt class='gallery-icon portrait'>\n\t\t\t\t<a href='https:\/\/www.azelot.fr\/wp-content\/uploads\/2014\/12\/010.jpg' title=\"Le Bergerac du Domaine De P\u00e9coula\" data-rl_title=\"Le Bergerac du Domaine De P\u00e9coula\" class=\"rl-gallery-link\" data-rl_caption=\"\" data-rel=\"lightbox-gallery-1\"><img loading=\"lazy\" decoding=\"async\" width=\"150\" height=\"150\" src=\"https:\/\/www.azelot.fr\/wp-content\/uploads\/2014\/12\/010-150x150.jpg\" class=\"attachment-thumbnail size-thumbnail\" alt=\"\" aria-describedby=\"gallery-1-2669\" \/><\/a>\n\t\t\t<\/dt>\n\t\t\t\t<dd class='wp-caption-text gallery-caption' id='gallery-1-2669'>\n\t\t\t\tLe Bergerac du Domaine De P\u00e9coula\n\t\t\t\t<\/dd><\/dl><dl class='gallery-item'>\n\t\t\t<dt class='gallery-icon landscape'>\n\t\t\t\t<a href='https:\/\/www.azelot.fr\/wp-content\/uploads\/2014\/12\/0111.jpg' title=\"Le Beaujolais du Domaine Gry-Sablon\" data-rl_title=\"Le Beaujolais du Domaine Gry-Sablon\" class=\"rl-gallery-link\" data-rl_caption=\"\" data-rel=\"lightbox-gallery-1\"><img loading=\"lazy\" decoding=\"async\" width=\"150\" height=\"150\" src=\"https:\/\/www.azelot.fr\/wp-content\/uploads\/2014\/12\/0111-150x150.jpg\" class=\"attachment-thumbnail size-thumbnail\" alt=\"\" aria-describedby=\"gallery-1-2670\" \/><\/a>\n\t\t\t<\/dt>\n\t\t\t\t<dd class='wp-caption-text gallery-caption' id='gallery-1-2670'>\n\t\t\t\tLe Beaujolais du Domaine Gry-Sablon\n\t\t\t\t<\/dd><\/dl><dl class='gallery-item'>\n\t\t\t<dt class='gallery-icon portrait'>\n\t\t\t\t<a href='https:\/\/www.azelot.fr\/wp-content\/uploads\/2014\/12\/015.jpg' title=\"Le Muscadet du Domaine des Pierres Mesli\u00e8res\" data-rl_title=\"Le Muscadet du Domaine des Pierres Mesli\u00e8res\" class=\"rl-gallery-link\" data-rl_caption=\"\" data-rel=\"lightbox-gallery-1\"><img loading=\"lazy\" decoding=\"async\" width=\"150\" height=\"150\" src=\"https:\/\/www.azelot.fr\/wp-content\/uploads\/2014\/12\/015-150x150.jpg\" class=\"attachment-thumbnail size-thumbnail\" alt=\"\" aria-describedby=\"gallery-1-2671\" \/><\/a>\n\t\t\t<\/dt>\n\t\t\t\t<dd class='wp-caption-text gallery-caption' id='gallery-1-2671'>\n\t\t\t\tLe Muscadet du Domaine des Pierres Mesli\u00e8res\n\t\t\t\t<\/dd><\/dl><br style=\"clear: both\" \/><dl class='gallery-item'>\n\t\t\t<dt class='gallery-icon landscape'>\n\t\t\t\t<a href='https:\/\/www.azelot.fr\/wp-content\/uploads\/2014\/12\/019.jpg' title=\"Le Jura du Domaine du Tausson\" data-rl_title=\"Le Jura du Domaine du Tausson\" class=\"rl-gallery-link\" data-rl_caption=\"\" data-rel=\"lightbox-gallery-1\"><img loading=\"lazy\" decoding=\"async\" width=\"150\" height=\"150\" src=\"https:\/\/www.azelot.fr\/wp-content\/uploads\/2014\/12\/019-150x150.jpg\" class=\"attachment-thumbnail size-thumbnail\" alt=\"\" aria-describedby=\"gallery-1-2672\" \/><\/a>\n\t\t\t<\/dt>\n\t\t\t\t<dd class='wp-caption-text gallery-caption' id='gallery-1-2672'>\n\t\t\t\tLe Jura du Domaine du Tausson\n\t\t\t\t<\/dd><\/dl><dl class='gallery-item'>\n\t\t\t<dt class='gallery-icon landscape'>\n\t\t\t\t<a href='https:\/\/www.azelot.fr\/wp-content\/uploads\/2014\/12\/0212.jpg' title=\"La foule se presse autour des satands\" data-rl_title=\"La foule se presse autour des satands\" class=\"rl-gallery-link\" data-rl_caption=\"\" data-rel=\"lightbox-gallery-1\"><img loading=\"lazy\" decoding=\"async\" width=\"150\" height=\"150\" src=\"https:\/\/www.azelot.fr\/wp-content\/uploads\/2014\/12\/0212-150x150.jpg\" class=\"attachment-thumbnail size-thumbnail\" alt=\"\" aria-describedby=\"gallery-1-2673\" \/><\/a>\n\t\t\t<\/dt>\n\t\t\t\t<dd class='wp-caption-text gallery-caption' id='gallery-1-2673'>\n\t\t\t\tLa foule se presse autour des satands\n\t\t\t\t<\/dd><\/dl><dl class='gallery-item'>\n\t\t\t<dt class='gallery-icon landscape'>\n\t\t\t\t<a href='https:\/\/www.azelot.fr\/wp-content\/uploads\/2014\/12\/0221.jpg' title=\"Les verres \u00e0 d\u00e9gustation propos\u00e9s \u00e0 la vente.\" data-rl_title=\"Les verres \u00e0 d\u00e9gustation propos\u00e9s \u00e0 la vente.\" class=\"rl-gallery-link\" data-rl_caption=\"\" data-rel=\"lightbox-gallery-1\"><img loading=\"lazy\" decoding=\"async\" width=\"150\" height=\"150\" src=\"https:\/\/www.azelot.fr\/wp-content\/uploads\/2014\/12\/0221-150x150.jpg\" class=\"attachment-thumbnail size-thumbnail\" alt=\"\" aria-describedby=\"gallery-1-2674\" \/><\/a>\n\t\t\t<\/dt>\n\t\t\t\t<dd class='wp-caption-text gallery-caption' id='gallery-1-2674'>\n\t\t\t\tLes verres \u00e0 d\u00e9gustation propos\u00e9s \u00e0 la vente.\n\t\t\t\t<\/dd><\/dl><br style=\"clear: both\" \/>\n\t\t<\/div>\n\n<p>&nbsp;<\/p>\n","protected":false},"excerpt":{"rendered":"<p>Pour sa dixi\u00e8me \u00e9dition, le\u00a0\u00bb salon des vignerons\u00a0\u00bb organis\u00e9 par le club \u0153nophile du foyer rural a encore connu un beau succ\u00e8s. Comme les autres ann\u00e9es, quinze vignerons venant de quinze r\u00e9gions fran\u00e7aises diff\u00e9rentes avaient investi la salle communale. Le&#8230;<br \/><a class=\"read-more-button\" href=\"https:\/\/www.azelot.fr\/?p=2655\">Savoir plus<\/a><\/p>\n","protected":false},"author":2,"featured_media":0,"comment_status":"open","ping_status":"open","sticky":false,"template":"","format":"standard","meta":{"activitypub_content_warning":"","activitypub_content_visibility":"","activitypub_max_image_attachments":4,"activitypub_interaction_policy_quote":"","activitypub_status":"","footnotes":""},"categories":[5],"tags":[],"class_list":["post-2655","post","type-post","status-publish","format-standard","hentry","category-foyer-rural"],"_links":{"self":[{"href":"https:\/\/www.azelot.fr\/index.php?rest_route=\/wp\/v2\/posts\/2655","targetHints":{"allow":["GET"]}}],"collection":[{"href":"https:\/\/www.azelot.fr\/index.php?rest_route=\/wp\/v2\/posts"}],"about":[{"href":"https:\/\/www.azelot.fr\/index.php?rest_route=\/wp\/v2\/types\/post"}],"author":[{"embeddable":true,"href":"https:\/\/www.azelot.fr\/index.php?rest_route=\/wp\/v2\/users\/2"}],"replies":[{"embeddable":true,"href":"https:\/\/www.azelot.fr\/index.php?rest_route=%2Fwp%2Fv2%2Fcomments&post=2655"}],"version-history":[{"count":3,"href":"https:\/\/www.azelot.fr\/index.php?rest_route=\/wp\/v2\/posts\/2655\/revisions"}],"predecessor-version":[{"id":2675,"href":"https:\/\/www.azelot.fr\/index.php?rest_route=\/wp\/v2\/posts\/2655\/revisions\/2675"}],"wp:attachment":[{"href":"https:\/\/www.azelot.fr\/index.php?rest_route=%2Fwp%2Fv2%2Fmedia&parent=2655"}],"wp:term":[{"taxonomy":"category","embeddable":true,"href":"https:\/\/www.azelot.fr\/index.php?rest_route=%2Fwp%2Fv2%2Fcategories&post=2655"},{"taxonomy":"post_tag","embeddable":true,"href":"https:\/\/www.azelot.fr\/index.php?rest_route=%2Fwp%2Fv2%2Ftags&post=2655"}],"curies":[{"name":"wp","href":"https:\/\/api.w.org\/{rel}","templated":true}]}}