{"id":2597,"date":"2014-11-30T11:32:30","date_gmt":"2014-11-30T09:32:30","guid":{"rendered":"http:\/\/www.azelot.fr\/?p=2597"},"modified":"2014-11-30T22:35:14","modified_gmt":"2014-11-30T20:35:14","slug":"voyage-a-fribourg-en-brisgau","status":"publish","type":"post","link":"https:\/\/www.azelot.fr\/?p=2597","title":{"rendered":"Voyage \u00e0 Fribourg en Brisgau."},"content":{"rendered":"<p><span style=\"color: #444444;\">A l&rsquo;invitation du Foyer rural, 41 personnes d&rsquo;Azelot et de nombreuses communes des alentours se sont retrouv\u00e9es devant la mairie samedi matin pour prendre le bus. Destination : Fribourg, au Pays de Bade, en Allemagne. <\/span><\/p>\n<p style=\"text-align: center;\"><a href=\"https:\/\/www.azelot.fr\/wp-content\/uploads\/2014\/11\/0042.jpg\" data-rel=\"lightbox-gallery-KTMuBgEu\" data-rl_title=\"\" data-rl_caption=\"\" title=\"\"><img loading=\"lazy\" decoding=\"async\" class=\"aligncenter size-large wp-image-2600\" src=\"https:\/\/www.azelot.fr\/wp-content\/uploads\/2014\/11\/0042-1024x640.jpg\" alt=\"004\" width=\"960\" height=\"600\" srcset=\"https:\/\/www.azelot.fr\/wp-content\/uploads\/2014\/11\/0042-1024x640.jpg 1024w, https:\/\/www.azelot.fr\/wp-content\/uploads\/2014\/11\/0042-300x187.jpg 300w\" sizes=\"auto, (max-width: 960px) 100vw, 960px\" \/><\/a>Arriv\u00e9e du groupe \u00e0 Fribourg<\/p>\n<p><span style=\"color: #444444;\">Ce week end s&rsquo;y ouvrait le march\u00e9 de No\u00ebl o\u00f9 le groupe a pu fl\u00e2ner en fin d&rsquo;apr\u00e8s midi quand les illuminations agr\u00e9mentaient le centre pi\u00e9tonnier. <\/span><\/p>\n<p style=\"text-align: center;\"><a href=\"https:\/\/www.azelot.fr\/wp-content\/uploads\/2014\/11\/045.jpg\" data-rel=\"lightbox-gallery-KTMuBgEu\" data-rl_title=\"\" data-rl_caption=\"\" title=\"\"><img loading=\"lazy\" decoding=\"async\" class=\"aligncenter size-large wp-image-2601\" src=\"https:\/\/www.azelot.fr\/wp-content\/uploads\/2014\/11\/045-1024x641.jpg\" alt=\"045\" width=\"960\" height=\"600\" srcset=\"https:\/\/www.azelot.fr\/wp-content\/uploads\/2014\/11\/045-1024x641.jpg 1024w, https:\/\/www.azelot.fr\/wp-content\/uploads\/2014\/11\/045-300x187.jpg 300w\" sizes=\"auto, (max-width: 960px) 100vw, 960px\" \/><\/a>En route pour le march\u00e9 de No\u00ebl<\/p>\n<p style=\"text-align: center;\"><a href=\"https:\/\/www.azelot.fr\/wp-content\/uploads\/2014\/11\/047.jpg\" data-rel=\"lightbox-gallery-KTMuBgEu\" data-rl_title=\"\" data-rl_caption=\"\" title=\"\"><img loading=\"lazy\" decoding=\"async\" class=\"aligncenter size-large wp-image-2602\" src=\"https:\/\/www.azelot.fr\/wp-content\/uploads\/2014\/11\/047-1024x639.jpg\" alt=\"047\" width=\"960\" height=\"599\" srcset=\"https:\/\/www.azelot.fr\/wp-content\/uploads\/2014\/11\/047-1024x639.jpg 1024w, https:\/\/www.azelot.fr\/wp-content\/uploads\/2014\/11\/047-300x187.jpg 300w\" sizes=\"auto, (max-width: 960px) 100vw, 960px\" \/><\/a><\/p>\n<p><span style=\"color: #444444;\">Plus t\u00f4t dans l&rsquo;apr\u00e8s-midi, une visite guid\u00e9e en fran\u00e7ais avait permis aux visiteurs d&rsquo;appr\u00e9cier la longue et mouvement\u00e9e histoire de cette ville longtemps autrichienne, et d\u00e9couvrir les ruelles du centre historique et sa fameuse cath\u00e9drale gothique. <\/span><\/p>\n<p style=\"text-align: center;\"><a href=\"https:\/\/www.azelot.fr\/wp-content\/uploads\/2014\/11\/026.jpg\" data-rel=\"lightbox-gallery-KTMuBgEu\" data-rl_title=\"\" data-rl_caption=\"\" title=\"\"><img loading=\"lazy\" decoding=\"async\" class=\"aligncenter size-large wp-image-2603\" src=\"https:\/\/www.azelot.fr\/wp-content\/uploads\/2014\/11\/026-1024x641.jpg\" alt=\"026\" width=\"960\" height=\"600\" srcset=\"https:\/\/www.azelot.fr\/wp-content\/uploads\/2014\/11\/026-1024x641.jpg 1024w, https:\/\/www.azelot.fr\/wp-content\/uploads\/2014\/11\/026-300x187.jpg 300w\" sizes=\"auto, (max-width: 960px) 100vw, 960px\" \/><\/a>Nos guides<\/p>\n<p style=\"text-align: center;\"><a href=\"https:\/\/www.azelot.fr\/wp-content\/uploads\/2014\/11\/035.jpg\" data-rel=\"lightbox-gallery-KTMuBgEu\" data-rl_title=\"\" data-rl_caption=\"\" title=\"\"><img loading=\"lazy\" decoding=\"async\" class=\"aligncenter size-large wp-image-2604\" src=\"https:\/\/www.azelot.fr\/wp-content\/uploads\/2014\/11\/035-1024x639.jpg\" alt=\"035\" width=\"960\" height=\"599\" srcset=\"https:\/\/www.azelot.fr\/wp-content\/uploads\/2014\/11\/035-1024x639.jpg 1024w, https:\/\/www.azelot.fr\/wp-content\/uploads\/2014\/11\/035-300x187.jpg 300w\" sizes=\"auto, (max-width: 960px) 100vw, 960px\" \/><\/a>Tout le monde est attentif aux explications d&rsquo;IRIS, notre guide<\/p>\n<p style=\"text-align: center;\"><a href=\"https:\/\/www.azelot.fr\/wp-content\/uploads\/2014\/11\/032.jpg\" data-rel=\"lightbox-gallery-KTMuBgEu\" data-rl_title=\"\" data-rl_caption=\"\" title=\"\"><img loading=\"lazy\" decoding=\"async\" class=\"aligncenter size-large wp-image-2605\" src=\"https:\/\/www.azelot.fr\/wp-content\/uploads\/2014\/11\/032-1024x768.jpg\" alt=\"032\" width=\"960\" height=\"720\" srcset=\"https:\/\/www.azelot.fr\/wp-content\/uploads\/2014\/11\/032-1024x768.jpg 1024w, https:\/\/www.azelot.fr\/wp-content\/uploads\/2014\/11\/032-300x225.jpg 300w\" sizes=\"auto, (max-width: 960px) 100vw, 960px\" \/><\/a>La cath\u00e9drale<\/p>\n<p><span style=\"color: #444444;\">La cuisine badoise et un verre de Gl\u00fchwein (vin chaud) ont compl\u00e9t\u00e9 cette journ\u00e9e int\u00e9ressante et conviviale.<\/span><\/p>\n\n\t\t<style type=\"text\/css\">\n\t\t\t#gallery-1 {\n\t\t\t\tmargin: auto;\n\t\t\t}\n\t\t\t#gallery-1 .gallery-item {\n\t\t\t\tfloat: left;\n\t\t\t\tmargin-top: 10px;\n\t\t\t\ttext-align: center;\n\t\t\t\twidth: 33%;\n\t\t\t}\n\t\t\t#gallery-1 img {\n\t\t\t\tborder: 2px solid #cfcfcf;\n\t\t\t}\n\t\t\t#gallery-1 .gallery-caption {\n\t\t\t\tmargin-left: 0;\n\t\t\t}\n\t\t\t\/* see gallery_shortcode() in wp-includes\/media.php *\/\n\t\t<\/style>\n\t\t<div id='gallery-1' class='gallery galleryid-2597 gallery-columns-3 gallery-size-thumbnail'><dl class='gallery-item'>\n\t\t\t<dt class='gallery-icon portrait'>\n\t\t\t\t<a href='https:\/\/www.azelot.fr\/wp-content\/uploads\/2014\/11\/0092.jpg' title=\"Arriv\u00e9e devant la cath\u00e9drale.\" data-rl_title=\"Arriv\u00e9e devant la cath\u00e9drale.\" class=\"rl-gallery-link\" data-rl_caption=\"\" data-rel=\"lightbox-gallery-1\"><img loading=\"lazy\" decoding=\"async\" width=\"150\" height=\"150\" src=\"https:\/\/www.azelot.fr\/wp-content\/uploads\/2014\/11\/0092-150x150.jpg\" class=\"attachment-thumbnail size-thumbnail\" alt=\"\" aria-describedby=\"gallery-1-2607\" \/><\/a>\n\t\t\t<\/dt>\n\t\t\t\t<dd class='wp-caption-text gallery-caption' id='gallery-1-2607'>\n\t\t\t\tArriv\u00e9e devant la cath\u00e9drale.\n\t\t\t\t<\/dd><\/dl><dl class='gallery-item'>\n\t\t\t<dt class='gallery-icon landscape'>\n\t\t\t\t<a href='https:\/\/www.azelot.fr\/wp-content\/uploads\/2014\/11\/0111.jpg' title=\"Rassemblement avant le d\u00e9part de la visite.\" data-rl_title=\"Rassemblement avant le d\u00e9part de la visite.\" class=\"rl-gallery-link\" data-rl_caption=\"\" data-rel=\"lightbox-gallery-1\"><img loading=\"lazy\" decoding=\"async\" width=\"150\" height=\"150\" src=\"https:\/\/www.azelot.fr\/wp-content\/uploads\/2014\/11\/0111-150x150.jpg\" class=\"attachment-thumbnail size-thumbnail\" alt=\"\" aria-describedby=\"gallery-1-2608\" \/><\/a>\n\t\t\t<\/dt>\n\t\t\t\t<dd class='wp-caption-text gallery-caption' id='gallery-1-2608'>\n\t\t\t\tRassemblement avant le d\u00e9part de la visite.\n\t\t\t\t<\/dd><\/dl><dl class='gallery-item'>\n\t\t\t<dt class='gallery-icon landscape'>\n\t\t\t\t<a href='https:\/\/www.azelot.fr\/wp-content\/uploads\/2014\/11\/0121.jpg' title=\"Rassemblement avant la visite\" data-rl_title=\"Rassemblement avant la visite\" class=\"rl-gallery-link\" data-rl_caption=\"\" data-rel=\"lightbox-gallery-1\"><img loading=\"lazy\" decoding=\"async\" width=\"150\" height=\"150\" src=\"https:\/\/www.azelot.fr\/wp-content\/uploads\/2014\/11\/0121-150x150.jpg\" class=\"attachment-thumbnail size-thumbnail\" alt=\"\" aria-describedby=\"gallery-1-2609\" \/><\/a>\n\t\t\t<\/dt>\n\t\t\t\t<dd class='wp-caption-text gallery-caption' id='gallery-1-2609'>\n\t\t\t\tRassemblement avant la visite\n\t\t\t\t<\/dd><\/dl><br style=\"clear: both\" \/><dl class='gallery-item'>\n\t\t\t<dt class='gallery-icon landscape'>\n\t\t\t\t<a href='https:\/\/www.azelot.fr\/wp-content\/uploads\/2014\/11\/017.jpg' title=\"La cath\u00e9drale.\" data-rl_title=\"La cath\u00e9drale.\" class=\"rl-gallery-link\" data-rl_caption=\"\" data-rel=\"lightbox-gallery-1\"><img loading=\"lazy\" decoding=\"async\" width=\"150\" height=\"150\" src=\"https:\/\/www.azelot.fr\/wp-content\/uploads\/2014\/11\/017-150x150.jpg\" class=\"attachment-thumbnail size-thumbnail\" alt=\"\" aria-describedby=\"gallery-1-2610\" \/><\/a>\n\t\t\t<\/dt>\n\t\t\t\t<dd class='wp-caption-text gallery-caption' id='gallery-1-2610'>\n\t\t\t\tLa cath\u00e9drale.\n\t\t\t\t<\/dd><\/dl><dl class='gallery-item'>\n\t\t\t<dt class='gallery-icon portrait'>\n\t\t\t\t<a href='https:\/\/www.azelot.fr\/wp-content\/uploads\/2014\/11\/025.jpg' title=\"Maison typique devant la cath\u00e9drale\" data-rl_title=\"Maison typique devant la cath\u00e9drale\" class=\"rl-gallery-link\" data-rl_caption=\"\" data-rel=\"lightbox-gallery-1\"><img loading=\"lazy\" decoding=\"async\" width=\"150\" height=\"150\" src=\"https:\/\/www.azelot.fr\/wp-content\/uploads\/2014\/11\/025-150x150.jpg\" class=\"attachment-thumbnail size-thumbnail\" alt=\"\" aria-describedby=\"gallery-1-2611\" \/><\/a>\n\t\t\t<\/dt>\n\t\t\t\t<dd class='wp-caption-text gallery-caption' id='gallery-1-2611'>\n\t\t\t\tMaison typique devant la cath\u00e9drale\n\t\t\t\t<\/dd><\/dl><dl class='gallery-item'>\n\t\t\t<dt class='gallery-icon landscape'>\n\t\t\t\t<a href='https:\/\/www.azelot.fr\/wp-content\/uploads\/2014\/11\/031.jpg' title=\"Il avait un joli nom notre guide : IRIS.\" data-rl_title=\"Il avait un joli nom notre guide : IRIS.\" class=\"rl-gallery-link\" data-rl_caption=\"\" data-rel=\"lightbox-gallery-1\"><img loading=\"lazy\" decoding=\"async\" width=\"150\" height=\"150\" src=\"https:\/\/www.azelot.fr\/wp-content\/uploads\/2014\/11\/031-150x150.jpg\" class=\"attachment-thumbnail size-thumbnail\" alt=\"\" aria-describedby=\"gallery-1-2612\" \/><\/a>\n\t\t\t<\/dt>\n\t\t\t\t<dd class='wp-caption-text gallery-caption' id='gallery-1-2612'>\n\t\t\t\tIl avait un joli nom notre guide : IRIS.\n\t\t\t\t<\/dd><\/dl><br style=\"clear: both\" \/><dl class='gallery-item'>\n\t\t\t<dt class='gallery-icon landscape'>\n\t\t\t\t<a href='https:\/\/www.azelot.fr\/wp-content\/uploads\/2014\/11\/038.jpg' title=\"Le parvis de la cath\u00e9drale.\" data-rl_title=\"Le parvis de la cath\u00e9drale.\" class=\"rl-gallery-link\" data-rl_caption=\"\" data-rel=\"lightbox-gallery-1\"><img loading=\"lazy\" decoding=\"async\" width=\"150\" height=\"150\" src=\"https:\/\/www.azelot.fr\/wp-content\/uploads\/2014\/11\/038-150x150.jpg\" class=\"attachment-thumbnail size-thumbnail\" alt=\"\" aria-describedby=\"gallery-1-2613\" \/><\/a>\n\t\t\t<\/dt>\n\t\t\t\t<dd class='wp-caption-text gallery-caption' id='gallery-1-2613'>\n\t\t\t\tLe parvis de la cath\u00e9drale.\n\t\t\t\t<\/dd><\/dl><dl class='gallery-item'>\n\t\t\t<dt class='gallery-icon portrait'>\n\t\t\t\t<a href='https:\/\/www.azelot.fr\/wp-content\/uploads\/2014\/11\/039.jpg' title=\"Des vitraux de la cath\u00e9drale : \u00e0 gauche, St Laurent, patron d&#039;Azelot.\" data-rl_title=\"Des vitraux de la cath\u00e9drale : \u00e0 gauche, St Laurent, patron d&#039;Azelot.\" class=\"rl-gallery-link\" data-rl_caption=\"\" data-rel=\"lightbox-gallery-1\"><img loading=\"lazy\" decoding=\"async\" width=\"150\" height=\"150\" src=\"https:\/\/www.azelot.fr\/wp-content\/uploads\/2014\/11\/039-150x150.jpg\" class=\"attachment-thumbnail size-thumbnail\" alt=\"\" aria-describedby=\"gallery-1-2614\" \/><\/a>\n\t\t\t<\/dt>\n\t\t\t\t<dd class='wp-caption-text gallery-caption' id='gallery-1-2614'>\n\t\t\t\tDes vitraux de la cath\u00e9drale : \u00e0 gauche, St Laurent, patron d&rsquo;Azelot. \n\t\t\t\t<\/dd><\/dl><dl class='gallery-item'>\n\t\t\t<dt class='gallery-icon landscape'>\n\t\t\t\t<a href='https:\/\/www.azelot.fr\/wp-content\/uploads\/2014\/11\/046.jpg' title=\"Sur le march\u00e9 de No\u00ebl\" data-rl_title=\"Sur le march\u00e9 de No\u00ebl\" class=\"rl-gallery-link\" data-rl_caption=\"\" data-rel=\"lightbox-gallery-1\"><img loading=\"lazy\" decoding=\"async\" width=\"150\" height=\"150\" src=\"https:\/\/www.azelot.fr\/wp-content\/uploads\/2014\/11\/046-150x150.jpg\" class=\"attachment-thumbnail size-thumbnail\" alt=\"\" aria-describedby=\"gallery-1-2615\" \/><\/a>\n\t\t\t<\/dt>\n\t\t\t\t<dd class='wp-caption-text gallery-caption' id='gallery-1-2615'>\n\t\t\t\tSur le march\u00e9 de No\u00ebl\n\t\t\t\t<\/dd><\/dl><br style=\"clear: both\" \/><dl class='gallery-item'>\n\t\t\t<dt class='gallery-icon landscape'>\n\t\t\t\t<a href='https:\/\/www.azelot.fr\/wp-content\/uploads\/2014\/11\/049.jpg' title=\"Sur le march\u00e9 de No\u00ebl\" data-rl_title=\"Sur le march\u00e9 de No\u00ebl\" class=\"rl-gallery-link\" data-rl_caption=\"\" data-rel=\"lightbox-gallery-1\"><img loading=\"lazy\" decoding=\"async\" width=\"150\" height=\"150\" src=\"https:\/\/www.azelot.fr\/wp-content\/uploads\/2014\/11\/049-150x150.jpg\" class=\"attachment-thumbnail size-thumbnail\" alt=\"\" aria-describedby=\"gallery-1-2616\" \/><\/a>\n\t\t\t<\/dt>\n\t\t\t\t<dd class='wp-caption-text gallery-caption' id='gallery-1-2616'>\n\t\t\t\tSur le march\u00e9 de No\u00ebl\n\t\t\t\t<\/dd><\/dl><dl class='gallery-item'>\n\t\t\t<dt class='gallery-icon portrait'>\n\t\t\t\t<a href='https:\/\/www.azelot.fr\/wp-content\/uploads\/2014\/11\/056.jpg' title=\"La Grande roue du march\u00e9 de No\u00ebl.\" data-rl_title=\"La Grande roue du march\u00e9 de No\u00ebl.\" class=\"rl-gallery-link\" data-rl_caption=\"\" data-rel=\"lightbox-gallery-1\"><img loading=\"lazy\" decoding=\"async\" width=\"150\" height=\"150\" src=\"https:\/\/www.azelot.fr\/wp-content\/uploads\/2014\/11\/056-150x150.jpg\" class=\"attachment-thumbnail size-thumbnail\" alt=\"\" aria-describedby=\"gallery-1-2617\" \/><\/a>\n\t\t\t<\/dt>\n\t\t\t\t<dd class='wp-caption-text gallery-caption' id='gallery-1-2617'>\n\t\t\t\tLa Grande roue du march\u00e9 de No\u00ebl.\n\t\t\t\t<\/dd><\/dl><dl class='gallery-item'>\n\t\t\t<dt class='gallery-icon portrait'>\n\t\t\t\t<a href='https:\/\/www.azelot.fr\/wp-content\/uploads\/2014\/11\/0081.jpg' title=\"La tour de la cath\u00e9drale derri\u00e8re les \u00e9chafaudages.\" data-rl_title=\"La tour de la cath\u00e9drale derri\u00e8re les \u00e9chafaudages.\" class=\"rl-gallery-link\" data-rl_caption=\"\" data-rel=\"lightbox-gallery-1\"><img loading=\"lazy\" decoding=\"async\" width=\"150\" height=\"150\" src=\"https:\/\/www.azelot.fr\/wp-content\/uploads\/2014\/11\/0081-150x150.jpg\" class=\"attachment-thumbnail size-thumbnail\" alt=\"\" aria-describedby=\"gallery-1-2606\" \/><\/a>\n\t\t\t<\/dt>\n\t\t\t\t<dd class='wp-caption-text gallery-caption' id='gallery-1-2606'>\n\t\t\t\tLa tour de la cath\u00e9drale derri\u00e8re les \u00e9chafaudages.\n\n\t\t\t\t<\/dd><\/dl><br style=\"clear: both\" \/>\n\t\t<\/div>\n\n","protected":false},"excerpt":{"rendered":"<p>A l&rsquo;invitation du Foyer rural, 41 personnes d&rsquo;Azelot et de nombreuses communes des alentours se sont retrouv\u00e9es devant la mairie samedi matin pour prendre le bus. Destination : Fribourg, au Pays de Bade, en Allemagne. Arriv\u00e9e du groupe \u00e0 Fribourg&#8230;<br \/><a class=\"read-more-button\" href=\"https:\/\/www.azelot.fr\/?p=2597\">Savoir plus<\/a><\/p>\n","protected":false},"author":4,"featured_media":0,"comment_status":"open","ping_status":"open","sticky":false,"template":"","format":"standard","meta":{"activitypub_content_warning":"","activitypub_content_visibility":"","activitypub_max_image_attachments":4,"activitypub_interaction_policy_quote":"","activitypub_status":"","footnotes":""},"categories":[5],"tags":[191,192,14,55,63],"class_list":["post-2597","post","type-post","status-publish","format-standard","hentry","category-foyer-rural","tag-culture","tag-marche-de-noel-a-fribourg","tag-sortie","tag-visite","tag-voyage"],"_links":{"self":[{"href":"https:\/\/www.azelot.fr\/index.php?rest_route=\/wp\/v2\/posts\/2597","targetHints":{"allow":["GET"]}}],"collection":[{"href":"https:\/\/www.azelot.fr\/index.php?rest_route=\/wp\/v2\/posts"}],"about":[{"href":"https:\/\/www.azelot.fr\/index.php?rest_route=\/wp\/v2\/types\/post"}],"author":[{"embeddable":true,"href":"https:\/\/www.azelot.fr\/index.php?rest_route=\/wp\/v2\/users\/4"}],"replies":[{"embeddable":true,"href":"https:\/\/www.azelot.fr\/index.php?rest_route=%2Fwp%2Fv2%2Fcomments&post=2597"}],"version-history":[{"count":3,"href":"https:\/\/www.azelot.fr\/index.php?rest_route=\/wp\/v2\/posts\/2597\/revisions"}],"predecessor-version":[{"id":2618,"href":"https:\/\/www.azelot.fr\/index.php?rest_route=\/wp\/v2\/posts\/2597\/revisions\/2618"}],"wp:attachment":[{"href":"https:\/\/www.azelot.fr\/index.php?rest_route=%2Fwp%2Fv2%2Fmedia&parent=2597"}],"wp:term":[{"taxonomy":"category","embeddable":true,"href":"https:\/\/www.azelot.fr\/index.php?rest_route=%2Fwp%2Fv2%2Fcategories&post=2597"},{"taxonomy":"post_tag","embeddable":true,"href":"https:\/\/www.azelot.fr\/index.php?rest_route=%2Fwp%2Fv2%2Ftags&post=2597"}],"curies":[{"name":"wp","href":"https:\/\/api.w.org\/{rel}","templated":true}]}}