{"id":2591,"date":"2014-11-27T15:52:33","date_gmt":"2014-11-27T13:52:33","guid":{"rendered":"http:\/\/www.azelot.fr\/?p=2591"},"modified":"2014-11-27T19:45:15","modified_gmt":"2014-11-27T17:45:15","slug":"un-village-tres-fleuri","status":"publish","type":"post","link":"https:\/\/www.azelot.fr\/?p=2591","title":{"rendered":"Un village tr\u00e8s fleuri"},"content":{"rendered":"<p><span style=\"font-size: large;\">La commune d&rsquo;Azelot a \u00e9t\u00e9 distingu\u00e9e par le Conseil R\u00e9gional de Lorraine pour son fleurissement par l&rsquo;attribution d&rsquo;une fleur au concours des villes et villages fleuris. Cette distinction avait d\u00e9j\u00e0 \u00e9t\u00e9 obtenue au milieu des ann\u00e9es 90, puis perdue en 2008. Le retour de cette distinction fait la joie des \u00e9lus et la fiert\u00e9 des habitants. Christian Forget, maire d&rsquo;Azelot, a tenu\u00a0\u00e0 associer\u00a0\u00e0 ce succ\u00e8s l&rsquo;actuel adjoint \u00e0 l&rsquo;environnement, Claude Richon, mais \u00e9galement une ancienne conseill\u00e8re, Muriel Lebard, qui \u0153uvre aujourd&rsquo;hui b\u00e9n\u00e9volement aux c\u00f4t\u00e9s des \u00e9lus. Les employ\u00e9s ont bien \u00e9videmment leur part dans ce succ\u00e8s que ce soit Livio ou Pascal. Le maire\u00a0a tenu\u00a0\u00e9galement\u00a0 \u00e0 remercier tous les b\u00e9n\u00e9voles qui participent \u00e0 cette volont\u00e9 collective d&#8217;embellir le village.<\/span><\/p>\n<p style=\"text-align: center;\"><a href=\"https:\/\/www.azelot.fr\/wp-content\/uploads\/2014\/11\/0033.jpg\" data-rel=\"lightbox-gallery-928BlB5s\" data-rl_title=\"\" data-rl_caption=\"\" title=\"\"><img loading=\"lazy\" decoding=\"async\" class=\"aligncenter size-large wp-image-2595\" src=\"https:\/\/www.azelot.fr\/wp-content\/uploads\/2014\/11\/0033-1024x640.jpg\" alt=\"003\" width=\"960\" height=\"600\" srcset=\"https:\/\/www.azelot.fr\/wp-content\/uploads\/2014\/11\/0033-1024x640.jpg 1024w, https:\/\/www.azelot.fr\/wp-content\/uploads\/2014\/11\/0033-300x187.jpg 300w\" sizes=\"auto, (max-width: 960px) 100vw, 960px\" \/><\/a><\/p>\n<p><span style=\"font-size: large;\">Comme une bonne nouvelle n&rsquo;arrive jamais seule, deux familles d&rsquo;Azelot ont \u00e9galement \u00e9t\u00e9\u00a0honor\u00e9es lors du concours organis\u00e9 annuellement par le Conseil g\u00e9n\u00e9ral de Meurthe-et-Moselle. Dans la cat\u00e9gorie \u00ab\u00a0Maison avec jardin visible de la rue\u00a0\u00bb,\u00a0 Azelot a plac\u00e9 deux candidats sur 15 places pour tout le d\u00e9partement : les familles Da Cruz\u00a0 (8\u00e8me) et Lopes (12\u00e8me).<\/span><\/p>\n","protected":false},"excerpt":{"rendered":"<p>La commune d&rsquo;Azelot a \u00e9t\u00e9 distingu\u00e9e par le Conseil R\u00e9gional de Lorraine pour son fleurissement par l&rsquo;attribution d&rsquo;une fleur au concours des villes et villages fleuris. Cette distinction avait d\u00e9j\u00e0 \u00e9t\u00e9 obtenue au milieu des ann\u00e9es 90, puis perdue en&#8230;<br \/><a class=\"read-more-button\" href=\"https:\/\/www.azelot.fr\/?p=2591\">Savoir plus<\/a><\/p>\n","protected":false},"author":4,"featured_media":0,"comment_status":"open","ping_status":"open","sticky":false,"template":"","format":"standard","meta":{"activitypub_content_warning":"","activitypub_content_visibility":"","activitypub_max_image_attachments":4,"activitypub_interaction_policy_quote":"","activitypub_status":"","footnotes":""},"categories":[4],"tags":[190,126,125],"class_list":["post-2591","post","type-post","status-publish","format-standard","hentry","category-mairie","tag-concours","tag-environnement","tag-fleurissement"],"_links":{"self":[{"href":"https:\/\/www.azelot.fr\/index.php?rest_route=\/wp\/v2\/posts\/2591","targetHints":{"allow":["GET"]}}],"collection":[{"href":"https:\/\/www.azelot.fr\/index.php?rest_route=\/wp\/v2\/posts"}],"about":[{"href":"https:\/\/www.azelot.fr\/index.php?rest_route=\/wp\/v2\/types\/post"}],"author":[{"embeddable":true,"href":"https:\/\/www.azelot.fr\/index.php?rest_route=\/wp\/v2\/users\/4"}],"replies":[{"embeddable":true,"href":"https:\/\/www.azelot.fr\/index.php?rest_route=%2Fwp%2Fv2%2Fcomments&post=2591"}],"version-history":[{"count":4,"href":"https:\/\/www.azelot.fr\/index.php?rest_route=\/wp\/v2\/posts\/2591\/revisions"}],"predecessor-version":[{"id":2596,"href":"https:\/\/www.azelot.fr\/index.php?rest_route=\/wp\/v2\/posts\/2591\/revisions\/2596"}],"wp:attachment":[{"href":"https:\/\/www.azelot.fr\/index.php?rest_route=%2Fwp%2Fv2%2Fmedia&parent=2591"}],"wp:term":[{"taxonomy":"category","embeddable":true,"href":"https:\/\/www.azelot.fr\/index.php?rest_route=%2Fwp%2Fv2%2Fcategories&post=2591"},{"taxonomy":"post_tag","embeddable":true,"href":"https:\/\/www.azelot.fr\/index.php?rest_route=%2Fwp%2Fv2%2Ftags&post=2591"}],"curies":[{"name":"wp","href":"https:\/\/api.w.org\/{rel}","templated":true}]}}