{"id":2418,"date":"2014-08-26T22:50:51","date_gmt":"2014-08-26T20:50:51","guid":{"rendered":"http:\/\/www.azelot.fr\/?p=2418"},"modified":"2014-08-26T22:50:51","modified_gmt":"2014-08-26T20:50:51","slug":"la-rentree-a-lecole-de-musique-3","status":"publish","type":"post","link":"https:\/\/www.azelot.fr\/?p=2418","title":{"rendered":"La rentr\u00e9e \u00e0 l&rsquo;\u00e9cole de musique"},"content":{"rendered":"<p>C&rsquo;est la rentr\u00e9e au foyer rural. Et pour commencer, les inscriptions \u00e0 l&rsquo;\u00e9cole de musique se d\u00e9rouleront le jeudi 11 septembre de 17 \u00e0 19.00 h \u00e0 la salle communale.<\/p>\n<p>Tous les renseignements sont dans les tracts suivants :<\/p>\n<p style=\"text-align: center;\"><a href=\"https:\/\/www.azelot.fr\/wp-content\/uploads\/2014\/08\/Ecole-de-musique-1.jpg\" data-rel=\"lightbox-gallery-zGbZzmeS\" data-rl_title=\"\" data-rl_caption=\"\" title=\"\"><img loading=\"lazy\" decoding=\"async\" class=\"aligncenter size-large wp-image-2419\" src=\"https:\/\/www.azelot.fr\/wp-content\/uploads\/2014\/08\/Ecole-de-musique-1-1024x723.jpg\" alt=\"Ecole de musique 1\" width=\"630\" height=\"444\" srcset=\"https:\/\/www.azelot.fr\/wp-content\/uploads\/2014\/08\/Ecole-de-musique-1-1024x723.jpg 1024w, https:\/\/www.azelot.fr\/wp-content\/uploads\/2014\/08\/Ecole-de-musique-1-300x211.jpg 300w, https:\/\/www.azelot.fr\/wp-content\/uploads\/2014\/08\/Ecole-de-musique-1.jpg 1754w\" sizes=\"auto, (max-width: 630px) 100vw, 630px\" \/><\/a><\/p>\n<p style=\"text-align: center;\"><a href=\"https:\/\/www.azelot.fr\/wp-content\/uploads\/2014\/08\/Ecole-de-musique-2.jpg\" data-rel=\"lightbox-gallery-zGbZzmeS\" data-rl_title=\"\" data-rl_caption=\"\" title=\"\"><img loading=\"lazy\" decoding=\"async\" class=\"aligncenter size-large wp-image-2420\" src=\"https:\/\/www.azelot.fr\/wp-content\/uploads\/2014\/08\/Ecole-de-musique-2-1024x723.jpg\" alt=\"Ecole de musique 2\" width=\"630\" height=\"444\" srcset=\"https:\/\/www.azelot.fr\/wp-content\/uploads\/2014\/08\/Ecole-de-musique-2-1024x723.jpg 1024w, https:\/\/www.azelot.fr\/wp-content\/uploads\/2014\/08\/Ecole-de-musique-2-300x211.jpg 300w, https:\/\/www.azelot.fr\/wp-content\/uploads\/2014\/08\/Ecole-de-musique-2.jpg 1754w\" sizes=\"auto, (max-width: 630px) 100vw, 630px\" \/><\/a><\/p>\n","protected":false},"excerpt":{"rendered":"<p>C&rsquo;est la rentr\u00e9e au foyer rural. Et pour commencer, les inscriptions \u00e0 l&rsquo;\u00e9cole de musique se d\u00e9rouleront le jeudi 11 septembre de 17 \u00e0 19.00 h \u00e0 la salle communale. Tous les renseignements sont dans les tracts suivants :<\/p>\n","protected":false},"author":2,"featured_media":0,"comment_status":"open","ping_status":"open","sticky":false,"template":"","format":"standard","meta":{"activitypub_content_warning":"","activitypub_content_visibility":"","activitypub_max_image_attachments":4,"activitypub_interaction_policy_quote":"","activitypub_status":"","footnotes":""},"categories":[5],"tags":[131,184,180,182,181,183],"class_list":["post-2418","post","type-post","status-publish","format-standard","hentry","category-foyer-rural","tag-ecole-de-musique","tag-eveil-musical","tag-guitare","tag-orgue","tag-piano","tag-synthetiseur"],"_links":{"self":[{"href":"https:\/\/www.azelot.fr\/index.php?rest_route=\/wp\/v2\/posts\/2418","targetHints":{"allow":["GET"]}}],"collection":[{"href":"https:\/\/www.azelot.fr\/index.php?rest_route=\/wp\/v2\/posts"}],"about":[{"href":"https:\/\/www.azelot.fr\/index.php?rest_route=\/wp\/v2\/types\/post"}],"author":[{"embeddable":true,"href":"https:\/\/www.azelot.fr\/index.php?rest_route=\/wp\/v2\/users\/2"}],"replies":[{"embeddable":true,"href":"https:\/\/www.azelot.fr\/index.php?rest_route=%2Fwp%2Fv2%2Fcomments&post=2418"}],"version-history":[{"count":1,"href":"https:\/\/www.azelot.fr\/index.php?rest_route=\/wp\/v2\/posts\/2418\/revisions"}],"predecessor-version":[{"id":2421,"href":"https:\/\/www.azelot.fr\/index.php?rest_route=\/wp\/v2\/posts\/2418\/revisions\/2421"}],"wp:attachment":[{"href":"https:\/\/www.azelot.fr\/index.php?rest_route=%2Fwp%2Fv2%2Fmedia&parent=2418"}],"wp:term":[{"taxonomy":"category","embeddable":true,"href":"https:\/\/www.azelot.fr\/index.php?rest_route=%2Fwp%2Fv2%2Fcategories&post=2418"},{"taxonomy":"post_tag","embeddable":true,"href":"https:\/\/www.azelot.fr\/index.php?rest_route=%2Fwp%2Fv2%2Ftags&post=2418"}],"curies":[{"name":"wp","href":"https:\/\/api.w.org\/{rel}","templated":true}]}}