{"id":2354,"date":"2014-07-06T16:35:53","date_gmt":"2014-07-06T14:35:53","guid":{"rendered":"http:\/\/www.azelot.fr\/?p=2354"},"modified":"2014-07-11T09:08:20","modified_gmt":"2014-07-11T07:08:20","slug":"des-flammes-a-la-lumiere","status":"publish","type":"post","link":"https:\/\/www.azelot.fr\/?p=2354","title":{"rendered":"Des flammes \u00e0 la lumi\u00e8re"},"content":{"rendered":"<p>Ce samedi, nous \u00e9tions 43 \u00e0 avoir r\u00e9pondu \u00e0 la proposition du foyer rural : assister au spectacle son et lumi\u00e8re sur la guerre 14\/18 qui se d\u00e9roule aux carri\u00e8res d&rsquo;Haudainville pr\u00e8s de Verdun.<\/p>\n<p>Tout le monde \u00e9tait pr\u00e9sent \u00e0 19 h pour le d\u00e9part du bus.<\/p>\n<p>Et \u00e0 peine deux heures plus tard, nous arrivions \u00e0 bon port avec sacs et glaci\u00e8res pour pique-niquer sur place&#8230;<\/p>\n<p style=\"text-align: center;\"><a href=\"https:\/\/www.azelot.fr\/wp-content\/uploads\/2014\/07\/004.jpg\" data-rel=\"lightbox-gallery-ZoyoI9gM\" data-rl_title=\"\" data-rl_caption=\"\" title=\"\"><img loading=\"lazy\" decoding=\"async\" class=\"aligncenter size-large wp-image-2355\" src=\"https:\/\/www.azelot.fr\/wp-content\/uploads\/2014\/07\/004-1024x725.jpg\" alt=\"004\" width=\"630\" height=\"446\" srcset=\"https:\/\/www.azelot.fr\/wp-content\/uploads\/2014\/07\/004-1024x725.jpg 1024w, https:\/\/www.azelot.fr\/wp-content\/uploads\/2014\/07\/004-300x212.jpg 300w, https:\/\/www.azelot.fr\/wp-content\/uploads\/2014\/07\/004.jpg 1092w\" sizes=\"auto, (max-width: 630px) 100vw, 630px\" \/><\/a><\/p>\n<p style=\"text-align: left;\">&#8230;sur l&#8217;emplacement d\u00e9di\u00e9&#8230;<\/p>\n<p style=\"text-align: center;\"><a href=\"https:\/\/www.azelot.fr\/wp-content\/uploads\/2014\/07\/0091.jpg\" data-rel=\"lightbox-gallery-ZoyoI9gM\" data-rl_title=\"\" data-rl_caption=\"\" title=\"\"><img loading=\"lazy\" decoding=\"async\" class=\"aligncenter size-large wp-image-2356\" src=\"https:\/\/www.azelot.fr\/wp-content\/uploads\/2014\/07\/0091-1024x723.jpg\" alt=\"009\" width=\"630\" height=\"444\" srcset=\"https:\/\/www.azelot.fr\/wp-content\/uploads\/2014\/07\/0091-1024x723.jpg 1024w, https:\/\/www.azelot.fr\/wp-content\/uploads\/2014\/07\/0091-300x211.jpg 300w\" sizes=\"auto, (max-width: 630px) 100vw, 630px\" \/><\/a><\/p>\n<p style=\"text-align: left;\">&#8230;situ\u00e9 juste derri\u00e8re la tribune&#8230;<\/p>\n<p style=\"text-align: center;\"><a href=\"https:\/\/www.azelot.fr\/wp-content\/uploads\/2014\/07\/0121.jpg\" data-rel=\"lightbox-gallery-ZoyoI9gM\" data-rl_title=\"\" data-rl_caption=\"\" title=\"\"><img loading=\"lazy\" decoding=\"async\" class=\"aligncenter size-large wp-image-2357\" src=\"https:\/\/www.azelot.fr\/wp-content\/uploads\/2014\/07\/0121-1024x768.jpg\" alt=\"012\" width=\"630\" height=\"472\" srcset=\"https:\/\/www.azelot.fr\/wp-content\/uploads\/2014\/07\/0121-1024x768.jpg 1024w, https:\/\/www.azelot.fr\/wp-content\/uploads\/2014\/07\/0121-300x225.jpg 300w\" sizes=\"auto, (max-width: 630px) 100vw, 630px\" \/><\/a><\/p>\n<p style=\"text-align: left;\">Ainsi rassasi\u00e9s, nous pouvions nous installer en suivant les \u00ab\u00a0gilets rouges\u00a0\u00bb de l&rsquo;organisation, particuli\u00e8rement aimables, souriants et efficaces.<\/p>\n<p style=\"text-align: center;\"><a href=\"https:\/\/www.azelot.fr\/wp-content\/uploads\/2014\/07\/0151.jpg\" data-rel=\"lightbox-gallery-ZoyoI9gM\" data-rl_title=\"\" data-rl_caption=\"\" title=\"\"><img loading=\"lazy\" decoding=\"async\" class=\"aligncenter size-large wp-image-2359\" src=\"https:\/\/www.azelot.fr\/wp-content\/uploads\/2014\/07\/0151-1024x724.jpg\" alt=\"015\" width=\"630\" height=\"445\" srcset=\"https:\/\/www.azelot.fr\/wp-content\/uploads\/2014\/07\/0151-1024x724.jpg 1024w, https:\/\/www.azelot.fr\/wp-content\/uploads\/2014\/07\/0151-300x212.jpg 300w, https:\/\/www.azelot.fr\/wp-content\/uploads\/2014\/07\/0151.jpg 1201w\" sizes=\"auto, (max-width: 630px) 100vw, 630px\" \/><\/a><\/p>\n<p style=\"text-align: left;\">La sc\u00e8ne, immense qui s&rsquo;\u00e9tendait devant nous&#8230;sur la droite (c\u00f4t\u00e9 cour)&#8230;<\/p>\n<p style=\"text-align: center;\"><a href=\"https:\/\/www.azelot.fr\/wp-content\/uploads\/2014\/07\/019.jpg\" data-rel=\"lightbox-gallery-ZoyoI9gM\" data-rl_title=\"\" data-rl_caption=\"\" title=\"\"><img loading=\"lazy\" decoding=\"async\" class=\"aligncenter size-large wp-image-2360\" src=\"https:\/\/www.azelot.fr\/wp-content\/uploads\/2014\/07\/019-1024x768.jpg\" alt=\"019\" width=\"630\" height=\"472\" srcset=\"https:\/\/www.azelot.fr\/wp-content\/uploads\/2014\/07\/019-1024x768.jpg 1024w, https:\/\/www.azelot.fr\/wp-content\/uploads\/2014\/07\/019-300x225.jpg 300w\" sizes=\"auto, (max-width: 630px) 100vw, 630px\" \/><\/a><\/p>\n<p style=\"text-align: left;\">&#8230;au centre&#8230;<\/p>\n<p style=\"text-align: center;\"><a href=\"https:\/\/www.azelot.fr\/wp-content\/uploads\/2014\/07\/018.jpg\" data-rel=\"lightbox-gallery-ZoyoI9gM\" data-rl_title=\"\" data-rl_caption=\"\" title=\"\"><img loading=\"lazy\" decoding=\"async\" class=\"aligncenter size-large wp-image-2361\" src=\"https:\/\/www.azelot.fr\/wp-content\/uploads\/2014\/07\/018-1024x768.jpg\" alt=\"018\" width=\"630\" height=\"472\" srcset=\"https:\/\/www.azelot.fr\/wp-content\/uploads\/2014\/07\/018-1024x768.jpg 1024w, https:\/\/www.azelot.fr\/wp-content\/uploads\/2014\/07\/018-300x225.jpg 300w\" sizes=\"auto, (max-width: 630px) 100vw, 630px\" \/><\/a><\/p>\n<p style=\"text-align: left;\">&#8230;et sur la gauche (c\u00f4t\u00e9 jardin)&#8230;<\/p>\n<p style=\"text-align: center;\"><a href=\"https:\/\/www.azelot.fr\/wp-content\/uploads\/2014\/07\/020.jpg\" data-rel=\"lightbox-gallery-ZoyoI9gM\" data-rl_title=\"\" data-rl_caption=\"\" title=\"\"><img loading=\"lazy\" decoding=\"async\" class=\"aligncenter size-large wp-image-2362\" src=\"https:\/\/www.azelot.fr\/wp-content\/uploads\/2014\/07\/020-1024x768.jpg\" alt=\"020\" width=\"630\" height=\"472\" srcset=\"https:\/\/www.azelot.fr\/wp-content\/uploads\/2014\/07\/020-1024x768.jpg 1024w, https:\/\/www.azelot.fr\/wp-content\/uploads\/2014\/07\/020-300x225.jpg 300w\" sizes=\"auto, (max-width: 630px) 100vw, 630px\" \/><\/a><\/p>\n<p style=\"text-align: left;\">&#8230;permettait aux 400 b\u00e9n\u00e9voles de pr\u00e9senter diff\u00e9rents tableaux retra\u00e7ant la Belle Epoque, la mobilisation, l&rsquo;offensive fran\u00e7aise, l&rsquo;h\u00f4pital&#8230;riches en effets lumineux, en musique et en effets sonores particuli\u00e8rement r\u00e9alistes. Il \u00e9tait interdit de prendre des photos, de toute fa\u00e7on au r\u00e9sultat al\u00e9atoire vu la distance et la luminosit\u00e9. Pour avoir plus de d\u00e9tails sur le spectacle, le mieux est de se rendre sur le site : www.spectacle-verdun.com o\u00f9 tout est indiqu\u00e9.<\/p>\n<p style=\"text-align: left;\">Une heure quarante plus tard, tous les artistes et b\u00e9n\u00e9voles venaient saluer les spectateurs ravis.<\/p>\n<p style=\"text-align: center;\"><a href=\"https:\/\/www.azelot.fr\/wp-content\/uploads\/2014\/07\/021.jpg\" data-rel=\"lightbox-gallery-ZoyoI9gM\" data-rl_title=\"\" data-rl_caption=\"\" title=\"\"><img loading=\"lazy\" decoding=\"async\" class=\"aligncenter size-large wp-image-2363\" src=\"https:\/\/www.azelot.fr\/wp-content\/uploads\/2014\/07\/021-1024x723.jpg\" alt=\"021\" width=\"630\" height=\"444\" srcset=\"https:\/\/www.azelot.fr\/wp-content\/uploads\/2014\/07\/021-1024x723.jpg 1024w, https:\/\/www.azelot.fr\/wp-content\/uploads\/2014\/07\/021-300x212.jpg 300w\" sizes=\"auto, (max-width: 630px) 100vw, 630px\" \/><\/a><\/p>\n<p style=\"text-align: left;\">Et nous pouvions remonter dans le bus la t\u00eate encore pleine de lumi\u00e8re, de musique et de bruit d&rsquo;explosions.<\/p>\n<p style=\"text-align: left;\">La remarquable organisation a permis \u00e0 tout le monde d&rsquo;\u00e9vacuer rapidement si bien que nous \u00e9tions de retour \u00e0 2 h 30, en nous promettant de renouveler ce genre de soir\u00e9e, avec encore plus de monde.<\/p>\n","protected":false},"excerpt":{"rendered":"<p>Ce samedi, nous \u00e9tions 43 \u00e0 avoir r\u00e9pondu \u00e0 la proposition du foyer rural : assister au spectacle son et lumi\u00e8re sur la guerre 14\/18 qui se d\u00e9roule aux carri\u00e8res d&rsquo;Haudainville pr\u00e8s de Verdun. Tout le monde \u00e9tait pr\u00e9sent \u00e0&#8230;<br \/><a class=\"read-more-button\" href=\"https:\/\/www.azelot.fr\/?p=2354\">Savoir plus<\/a><\/p>\n","protected":false},"author":2,"featured_media":0,"comment_status":"open","ping_status":"open","sticky":false,"template":"","format":"standard","meta":{"activitypub_content_warning":"","activitypub_content_visibility":"","activitypub_max_image_attachments":4,"activitypub_interaction_policy_quote":"","activitypub_status":"","footnotes":""},"categories":[5],"tags":[166],"class_list":["post-2354","post","type-post","status-publish","format-standard","hentry","category-foyer-rural","tag-son-et-lumiere"],"_links":{"self":[{"href":"https:\/\/www.azelot.fr\/index.php?rest_route=\/wp\/v2\/posts\/2354","targetHints":{"allow":["GET"]}}],"collection":[{"href":"https:\/\/www.azelot.fr\/index.php?rest_route=\/wp\/v2\/posts"}],"about":[{"href":"https:\/\/www.azelot.fr\/index.php?rest_route=\/wp\/v2\/types\/post"}],"author":[{"embeddable":true,"href":"https:\/\/www.azelot.fr\/index.php?rest_route=\/wp\/v2\/users\/2"}],"replies":[{"embeddable":true,"href":"https:\/\/www.azelot.fr\/index.php?rest_route=%2Fwp%2Fv2%2Fcomments&post=2354"}],"version-history":[{"count":3,"href":"https:\/\/www.azelot.fr\/index.php?rest_route=\/wp\/v2\/posts\/2354\/revisions"}],"predecessor-version":[{"id":2367,"href":"https:\/\/www.azelot.fr\/index.php?rest_route=\/wp\/v2\/posts\/2354\/revisions\/2367"}],"wp:attachment":[{"href":"https:\/\/www.azelot.fr\/index.php?rest_route=%2Fwp%2Fv2%2Fmedia&parent=2354"}],"wp:term":[{"taxonomy":"category","embeddable":true,"href":"https:\/\/www.azelot.fr\/index.php?rest_route=%2Fwp%2Fv2%2Fcategories&post=2354"},{"taxonomy":"post_tag","embeddable":true,"href":"https:\/\/www.azelot.fr\/index.php?rest_route=%2Fwp%2Fv2%2Ftags&post=2354"}],"curies":[{"name":"wp","href":"https:\/\/api.w.org\/{rel}","templated":true}]}}