{"id":2243,"date":"2014-06-14T22:09:52","date_gmt":"2014-06-14T20:09:52","guid":{"rendered":"http:\/\/www.azelot.fr\/?p=2243"},"modified":"2014-06-15T08:16:03","modified_gmt":"2014-06-15T06:16:03","slug":"la-journee-dans-les-vosges-du-ccas","status":"publish","type":"post","link":"https:\/\/www.azelot.fr\/?p=2243","title":{"rendered":"La journ\u00e9e dans les Vosges du CCAS"},"content":{"rendered":"<p>Comme chaque ann\u00e9e, le CCAS propose une sortie aux ain\u00e9s du village et de leurs amis. Un quarantaine de personnes s&rsquo;est donc retrouv\u00e9e ce jeudi 12 juin d\u00e8s 8 h 15 sous un soleil magnifique pour embarquer dans le bus, direction Plombi\u00e8res-Les-Bains.<\/p>\n<p>&nbsp;<\/p>\n<p style=\"text-align: center;\"><a href=\"https:\/\/www.azelot.fr\/wp-content\/uploads\/2014\/06\/004.jpg\" data-rel=\"lightbox-gallery-UeAwzh6s\" data-rl_title=\"\" data-rl_caption=\"\" title=\"\"><img loading=\"lazy\" decoding=\"async\" class=\"aligncenter size-large wp-image-2244\" src=\"https:\/\/www.azelot.fr\/wp-content\/uploads\/2014\/06\/004-1024x707.jpg\" alt=\"004\" width=\"630\" height=\"434\" srcset=\"https:\/\/www.azelot.fr\/wp-content\/uploads\/2014\/06\/004-1024x707.jpg 1024w, https:\/\/www.azelot.fr\/wp-content\/uploads\/2014\/06\/004-300x207.jpg 300w\" sizes=\"auto, (max-width: 630px) 100vw, 630px\" \/><\/a><\/p>\n<p style=\"text-align: left;\">Au centre du Parc Imp\u00e9rial, dans un cadre naturel reposant, ils ont pu d\u00e9couvrir le parc des miniatures regroupant, en mod\u00e8les r\u00e9duits, les principaux \u00e9difices, ch\u00e2teaux et cath\u00e9drales de la r\u00e9gion. D&rsquo;ailleurs, le circuit commence par la c\u00e9l\u00e8bre cath\u00e9drale de Strasbourg&#8230;<\/p>\n<p style=\"text-align: center;\"><a href=\"https:\/\/www.azelot.fr\/wp-content\/uploads\/2014\/06\/022.jpg\" data-rel=\"lightbox-gallery-UeAwzh6s\" data-rl_title=\"\" data-rl_caption=\"\" title=\"\"><img loading=\"lazy\" decoding=\"async\" class=\"aligncenter size-large wp-image-2245\" src=\"https:\/\/www.azelot.fr\/wp-content\/uploads\/2014\/06\/022-1024x722.jpg\" alt=\"022\" width=\"630\" height=\"444\" srcset=\"https:\/\/www.azelot.fr\/wp-content\/uploads\/2014\/06\/022-1024x722.jpg 1024w, https:\/\/www.azelot.fr\/wp-content\/uploads\/2014\/06\/022-300x211.jpg 300w, https:\/\/www.azelot.fr\/wp-content\/uploads\/2014\/06\/022.jpg 1105w\" sizes=\"auto, (max-width: 630px) 100vw, 630px\" \/><\/a><\/p>\n<p style=\"text-align: left;\">Et la visite se poursuit en d\u00e9couvrant le ch\u00e2teau de Lun\u00e9ville&#8230;<\/p>\n<p style=\"text-align: center;\"><a href=\"https:\/\/www.azelot.fr\/wp-content\/uploads\/2014\/06\/025.jpg\" data-rel=\"lightbox-gallery-UeAwzh6s\" data-rl_title=\"\" data-rl_caption=\"\" title=\"\"><img loading=\"lazy\" decoding=\"async\" class=\"aligncenter size-large wp-image-2246\" src=\"https:\/\/www.azelot.fr\/wp-content\/uploads\/2014\/06\/025-1024x768.jpg\" alt=\"025\" width=\"630\" height=\"472\" srcset=\"https:\/\/www.azelot.fr\/wp-content\/uploads\/2014\/06\/025-1024x768.jpg 1024w, https:\/\/www.azelot.fr\/wp-content\/uploads\/2014\/06\/025-300x225.jpg 300w, https:\/\/www.azelot.fr\/wp-content\/uploads\/2014\/06\/025.jpg 1280w\" sizes=\"auto, (max-width: 630px) 100vw, 630px\" \/><\/a><\/p>\n<p style=\"text-align: left;\">&#8230;le Haut Koenigsbourg&#8230;<\/p>\n<p style=\"text-align: center;\"><a href=\"https:\/\/www.azelot.fr\/wp-content\/uploads\/2014\/06\/045.jpg\" data-rel=\"lightbox-gallery-UeAwzh6s\" data-rl_title=\"\" data-rl_caption=\"\" title=\"\"><img loading=\"lazy\" decoding=\"async\" class=\"aligncenter size-large wp-image-2247\" src=\"https:\/\/www.azelot.fr\/wp-content\/uploads\/2014\/06\/045-1024x722.jpg\" alt=\"045\" width=\"630\" height=\"444\" srcset=\"https:\/\/www.azelot.fr\/wp-content\/uploads\/2014\/06\/045-1024x722.jpg 1024w, https:\/\/www.azelot.fr\/wp-content\/uploads\/2014\/06\/045-300x211.jpg 300w, https:\/\/www.azelot.fr\/wp-content\/uploads\/2014\/06\/045.jpg 1068w\" sizes=\"auto, (max-width: 630px) 100vw, 630px\" \/><\/a><\/p>\n<p style=\"text-align: left;\">&#8230;et bien s\u00fbr la Place Stanislas&#8230;<\/p>\n<p style=\"text-align: center;\"><a href=\"https:\/\/www.azelot.fr\/wp-content\/uploads\/2014\/06\/051.jpg\" data-rel=\"lightbox-gallery-UeAwzh6s\" data-rl_title=\"\" data-rl_caption=\"\" title=\"\"><img loading=\"lazy\" decoding=\"async\" class=\"aligncenter size-large wp-image-2248\" src=\"https:\/\/www.azelot.fr\/wp-content\/uploads\/2014\/06\/051-1024x723.jpg\" alt=\"051\" width=\"630\" height=\"444\" srcset=\"https:\/\/www.azelot.fr\/wp-content\/uploads\/2014\/06\/051-1024x723.jpg 1024w, https:\/\/www.azelot.fr\/wp-content\/uploads\/2014\/06\/051-300x211.jpg 300w, https:\/\/www.azelot.fr\/wp-content\/uploads\/2014\/06\/051.jpg 1240w\" sizes=\"auto, (max-width: 630px) 100vw, 630px\" \/><\/a><\/p>\n<p style=\"text-align: left;\">La rencontre avec le propri\u00e9taire, gestionnaire, cr\u00e9ateur de toutes ces r\u00e9pliques, Georges-Eric Houfflin a \u00e9t\u00e9 un moment tr\u00e8s int\u00e9ressant permettant de mieux se rendre compte du travail consid\u00e9rable r\u00e9alis\u00e9 depuis 1992&#8230;<\/p>\n<p style=\"text-align: center;\"><a href=\"https:\/\/www.azelot.fr\/wp-content\/uploads\/2014\/06\/061.jpg\" data-rel=\"lightbox-gallery-UeAwzh6s\" data-rl_title=\"\" data-rl_caption=\"\" title=\"\"><img loading=\"lazy\" decoding=\"async\" class=\"aligncenter size-large wp-image-2249\" src=\"https:\/\/www.azelot.fr\/wp-content\/uploads\/2014\/06\/061-1024x725.jpg\" alt=\"061\" width=\"630\" height=\"446\" srcset=\"https:\/\/www.azelot.fr\/wp-content\/uploads\/2014\/06\/061-1024x725.jpg 1024w, https:\/\/www.azelot.fr\/wp-content\/uploads\/2014\/06\/061-300x212.jpg 300w, https:\/\/www.azelot.fr\/wp-content\/uploads\/2014\/06\/061.jpg 1182w\" sizes=\"auto, (max-width: 630px) 100vw, 630px\" \/><\/a><\/p>\n<p style=\"text-align: left;\">&#8230;et qui se poursuit puisque d&rsquo;autres projets sont en gestation : petit train d&rsquo;Abreschwiller, mus\u00e9e Pompidou de Metz&#8230;<\/p>\n<p style=\"text-align: left;\">Cette matin\u00e9e avait aiguis\u00e9 les app\u00e9tits et l&rsquo;arriv\u00e9e au restaurant \u00ab\u00a0Le BELCOUR\u00a0\u00bb de Saint Nabord bienvenue.<\/p>\n<p style=\"text-align: left;\"><a href=\"https:\/\/www.azelot.fr\/wp-content\/uploads\/2014\/06\/064.jpg\" data-rel=\"lightbox-gallery-UeAwzh6s\" data-rl_title=\"\" data-rl_caption=\"\" title=\"\"><img loading=\"lazy\" decoding=\"async\" class=\"aligncenter size-large wp-image-2250\" src=\"https:\/\/www.azelot.fr\/wp-content\/uploads\/2014\/06\/064-1024x768.jpg\" alt=\"064\" width=\"630\" height=\"472\" srcset=\"https:\/\/www.azelot.fr\/wp-content\/uploads\/2014\/06\/064-1024x768.jpg 1024w, https:\/\/www.azelot.fr\/wp-content\/uploads\/2014\/06\/064-300x225.jpg 300w\" sizes=\"auto, (max-width: 630px) 100vw, 630px\" \/><\/a><\/p>\n<p style=\"text-align: left;\">Mais ce restaurant est un peu sp\u00e9cial car les serveurs sont en m\u00eame temps artistes&#8230;<\/p>\n<p style=\"text-align: center;\"><a href=\"https:\/\/www.azelot.fr\/wp-content\/uploads\/2014\/06\/067.jpg\" data-rel=\"lightbox-gallery-UeAwzh6s\" data-rl_title=\"\" data-rl_caption=\"\" title=\"\"><img loading=\"lazy\" decoding=\"async\" class=\"aligncenter size-medium wp-image-2251\" src=\"https:\/\/www.azelot.fr\/wp-content\/uploads\/2014\/06\/067-300x212.jpg\" alt=\"067\" width=\"300\" height=\"212\" srcset=\"https:\/\/www.azelot.fr\/wp-content\/uploads\/2014\/06\/067-300x212.jpg 300w, https:\/\/www.azelot.fr\/wp-content\/uploads\/2014\/06\/067.jpg 1003w\" sizes=\"auto, (max-width: 300px) 100vw, 300px\" \/><\/a><\/p>\n<p style=\"text-align: left;\">&#8230;apr\u00e8s avoir fait le tour des tables pour prendre des photos (compromettantes ?)&#8230;<\/p>\n<p style=\"text-align: center;\"><a href=\"https:\/\/www.azelot.fr\/wp-content\/uploads\/2014\/06\/080.jpg\" data-rel=\"lightbox-gallery-UeAwzh6s\" data-rl_title=\"\" data-rl_caption=\"\" title=\"\"><img loading=\"lazy\" decoding=\"async\" class=\"aligncenter size-large wp-image-2255\" src=\"https:\/\/www.azelot.fr\/wp-content\/uploads\/2014\/06\/080-1024x724.jpg\" alt=\"080\" width=\"630\" height=\"445\" srcset=\"https:\/\/www.azelot.fr\/wp-content\/uploads\/2014\/06\/080-1024x724.jpg 1024w, https:\/\/www.azelot.fr\/wp-content\/uploads\/2014\/06\/080-300x212.jpg 300w, https:\/\/www.azelot.fr\/wp-content\/uploads\/2014\/06\/080.jpg 1057w\" sizes=\"auto, (max-width: 630px) 100vw, 630px\" \/><\/a><\/p>\n<p style=\"text-align: left;\">&#8230;et entre les plats d&rsquo;un excellent repas, ils montent sur sc\u00e8ne pour pr\u00e9senter un spectacle de transformistes&#8230;<\/p>\n<p style=\"text-align: left;\"><a href=\"https:\/\/www.azelot.fr\/wp-content\/uploads\/2014\/06\/081.jpg\" data-rel=\"lightbox-gallery-UeAwzh6s\" data-rl_title=\"\" data-rl_caption=\"\" title=\"\"><img loading=\"lazy\" decoding=\"async\" class=\"aligncenter size-large wp-image-2256\" src=\"https:\/\/www.azelot.fr\/wp-content\/uploads\/2014\/06\/081-1024x723.jpg\" alt=\"081\" width=\"630\" height=\"444\" srcset=\"https:\/\/www.azelot.fr\/wp-content\/uploads\/2014\/06\/081-1024x723.jpg 1024w, https:\/\/www.azelot.fr\/wp-content\/uploads\/2014\/06\/081-300x211.jpg 300w\" sizes=\"auto, (max-width: 630px) 100vw, 630px\" \/><\/a><\/p>\n<p style=\"text-align: left;\">&#8230;c&rsquo;est ainsi que l&rsquo;on peut admirer de magnifiques danseuses habill\u00e9es de plumes, de strass et de lumi\u00e8res&#8230;<\/p>\n<p style=\"text-align: center;\"><a href=\"https:\/\/www.azelot.fr\/wp-content\/uploads\/2014\/06\/090.jpg\" data-rel=\"lightbox-gallery-UeAwzh6s\" data-rl_title=\"\" data-rl_caption=\"\" title=\"\"><img loading=\"lazy\" decoding=\"async\" class=\"aligncenter size-large wp-image-2257\" src=\"https:\/\/www.azelot.fr\/wp-content\/uploads\/2014\/06\/090-1024x723.jpg\" alt=\"090\" width=\"630\" height=\"444\" srcset=\"https:\/\/www.azelot.fr\/wp-content\/uploads\/2014\/06\/090-1024x723.jpg 1024w, https:\/\/www.azelot.fr\/wp-content\/uploads\/2014\/06\/090-300x211.jpg 300w\" sizes=\"auto, (max-width: 630px) 100vw, 630px\" \/><\/a><\/p>\n<p style=\"text-align: center;\"><a href=\"https:\/\/www.azelot.fr\/wp-content\/uploads\/2014\/06\/112.jpg\" data-rel=\"lightbox-gallery-UeAwzh6s\" data-rl_title=\"\" data-rl_caption=\"\" title=\"\"><img loading=\"lazy\" decoding=\"async\" class=\"aligncenter size-large wp-image-2258\" src=\"https:\/\/www.azelot.fr\/wp-content\/uploads\/2014\/06\/112-1024x724.jpg\" alt=\"112\" width=\"630\" height=\"445\" srcset=\"https:\/\/www.azelot.fr\/wp-content\/uploads\/2014\/06\/112-1024x724.jpg 1024w, https:\/\/www.azelot.fr\/wp-content\/uploads\/2014\/06\/112-300x212.jpg 300w\" sizes=\"auto, (max-width: 630px) 100vw, 630px\" \/><\/a><\/p>\n<p style=\"text-align: left;\">&#8230;mais, au d\u00e9tour d&rsquo;un num\u00e9ro, on rencontre Jacques Brel&#8230;<\/p>\n<p style=\"text-align: center;\"><a href=\"https:\/\/www.azelot.fr\/wp-content\/uploads\/2014\/06\/103.jpg\" data-rel=\"lightbox-gallery-UeAwzh6s\" data-rl_title=\"\" data-rl_caption=\"\" title=\"\"><img loading=\"lazy\" decoding=\"async\" class=\"aligncenter size-large wp-image-2259\" src=\"https:\/\/www.azelot.fr\/wp-content\/uploads\/2014\/06\/103-1024x725.jpg\" alt=\"103\" width=\"630\" height=\"446\" srcset=\"https:\/\/www.azelot.fr\/wp-content\/uploads\/2014\/06\/103-1024x725.jpg 1024w, https:\/\/www.azelot.fr\/wp-content\/uploads\/2014\/06\/103-300x212.jpg 300w\" sizes=\"auto, (max-width: 630px) 100vw, 630px\" \/><\/a><\/p>\n<p style=\"text-align: left;\">&#8230;ou Edith Piaf&#8230;<\/p>\n<p style=\"text-align: center;\"><a href=\"https:\/\/www.azelot.fr\/wp-content\/uploads\/2014\/06\/120.jpg\" data-rel=\"lightbox-gallery-UeAwzh6s\" data-rl_title=\"\" data-rl_caption=\"\" title=\"\"><img loading=\"lazy\" decoding=\"async\" class=\"aligncenter size-large wp-image-2260\" src=\"https:\/\/www.azelot.fr\/wp-content\/uploads\/2014\/06\/120-723x1024.jpg\" alt=\"120\" width=\"630\" height=\"892\" srcset=\"https:\/\/www.azelot.fr\/wp-content\/uploads\/2014\/06\/120-723x1024.jpg 723w, https:\/\/www.azelot.fr\/wp-content\/uploads\/2014\/06\/120-211x300.jpg 211w, https:\/\/www.azelot.fr\/wp-content\/uploads\/2014\/06\/120.jpg 1426w\" sizes=\"auto, (max-width: 630px) 100vw, 630px\" \/><\/a><\/p>\n<p style=\"text-align: left;\">&#8230;et le spectacle se termine dans une d\u00e9bauche de musique, de lumi\u00e8re et de paillettes&#8230;<\/p>\n<p style=\"text-align: center;\"><a href=\"https:\/\/www.azelot.fr\/wp-content\/uploads\/2014\/06\/144.jpg\" data-rel=\"lightbox-gallery-UeAwzh6s\" data-rl_title=\"\" data-rl_caption=\"\" title=\"\"><img loading=\"lazy\" decoding=\"async\" class=\"aligncenter size-large wp-image-2261\" src=\"https:\/\/www.azelot.fr\/wp-content\/uploads\/2014\/06\/144-1024x724.jpg\" alt=\"144\" width=\"630\" height=\"445\" srcset=\"https:\/\/www.azelot.fr\/wp-content\/uploads\/2014\/06\/144-1024x724.jpg 1024w, https:\/\/www.azelot.fr\/wp-content\/uploads\/2014\/06\/144-300x212.jpg 300w\" sizes=\"auto, (max-width: 630px) 100vw, 630px\" \/><\/a><\/p>\n<p style=\"text-align: left;\">&#8230;jusqu&rsquo;au final qui voit les masques tomber, les perruques s&rsquo;enlever, le maquillage s&rsquo;effacer pour faire d\u00e9couvrir aux spectateurs ravis la vraie personnalit\u00e9 de ces artistes exceptionnels&#8230;<\/p>\n<p style=\"text-align: center;\"><a href=\"https:\/\/www.azelot.fr\/wp-content\/uploads\/2014\/06\/145.jpg\" data-rel=\"lightbox-gallery-UeAwzh6s\" data-rl_title=\"\" data-rl_caption=\"\" title=\"\"><img loading=\"lazy\" decoding=\"async\" class=\"aligncenter size-large wp-image-2262\" src=\"https:\/\/www.azelot.fr\/wp-content\/uploads\/2014\/06\/145-1024x725.jpg\" alt=\"145\" width=\"630\" height=\"446\" srcset=\"https:\/\/www.azelot.fr\/wp-content\/uploads\/2014\/06\/145-1024x725.jpg 1024w, https:\/\/www.azelot.fr\/wp-content\/uploads\/2014\/06\/145-300x212.jpg 300w\" sizes=\"auto, (max-width: 630px) 100vw, 630px\" \/><\/a><\/p>\n<p style=\"text-align: left;\">&#8230;qui sont venus discuter avec les uns et les autres apr\u00e8s le spectacle, en toute simplicit\u00e9, au naturel, en pleine lumi\u00e8re naturelle. Voil\u00e0 vraiment un grand spectacle, surprenant, quelquefois un peu leste mais jamais vulgaire, haut en couleurs avec de grands bonhommes : des pros !<\/p>\n<p style=\"text-align: left;\">Ensuite, nous avons repris notre bus pour rentrer au village. Une fois de plus, les organisateurs de cette journ\u00e9e ont \u00e9t\u00e9 parfaits (merci Patrick) et une fois de plus, les absents ont eu tort&#8230;<\/p>\n\n\t\t<style type=\"text\/css\">\n\t\t\t#gallery-1 {\n\t\t\t\tmargin: auto;\n\t\t\t}\n\t\t\t#gallery-1 .gallery-item {\n\t\t\t\tfloat: left;\n\t\t\t\tmargin-top: 10px;\n\t\t\t\ttext-align: center;\n\t\t\t\twidth: 33%;\n\t\t\t}\n\t\t\t#gallery-1 img {\n\t\t\t\tborder: 2px solid #cfcfcf;\n\t\t\t}\n\t\t\t#gallery-1 .gallery-caption {\n\t\t\t\tmargin-left: 0;\n\t\t\t}\n\t\t\t\/* see gallery_shortcode() in wp-includes\/media.php *\/\n\t\t<\/style>\n\t\t<div id='gallery-1' class='gallery galleryid-2243 gallery-columns-3 gallery-size-thumbnail'><dl class='gallery-item'>\n\t\t\t<dt class='gallery-icon landscape'>\n\t\t\t\t<a href='https:\/\/www.azelot.fr\/wp-content\/uploads\/2014\/06\/0121.jpg' title=\"Arriv\u00e9e au parc-miniatures\" data-rl_title=\"Arriv\u00e9e au parc-miniatures\" class=\"rl-gallery-link\" data-rl_caption=\"\" data-rel=\"lightbox-gallery-1\"><img loading=\"lazy\" decoding=\"async\" width=\"150\" height=\"150\" src=\"https:\/\/www.azelot.fr\/wp-content\/uploads\/2014\/06\/0121-150x150.jpg\" class=\"attachment-thumbnail size-thumbnail\" alt=\"\" aria-describedby=\"gallery-1-2294\" \/><\/a>\n\t\t\t<\/dt>\n\t\t\t\t<dd class='wp-caption-text gallery-caption' id='gallery-1-2294'>\n\t\t\t\tArriv\u00e9e au parc-miniatures\n\t\t\t\t<\/dd><\/dl><dl class='gallery-item'>\n\t\t\t<dt class='gallery-icon landscape'>\n\t\t\t\t<a href='https:\/\/www.azelot.fr\/wp-content\/uploads\/2014\/06\/0131.jpg' title=\"\" data-rl_title=\"\" class=\"rl-gallery-link\" data-rl_caption=\"\" data-rel=\"lightbox-gallery-1\"><img loading=\"lazy\" decoding=\"async\" width=\"150\" height=\"150\" src=\"https:\/\/www.azelot.fr\/wp-content\/uploads\/2014\/06\/0131-150x150.jpg\" class=\"attachment-thumbnail size-thumbnail\" alt=\"\" \/><\/a>\n\t\t\t<\/dt><\/dl><dl class='gallery-item'>\n\t\t\t<dt class='gallery-icon landscape'>\n\t\t\t\t<a href='https:\/\/www.azelot.fr\/wp-content\/uploads\/2014\/06\/0151.jpg' title=\"\" data-rl_title=\"\" class=\"rl-gallery-link\" data-rl_caption=\"\" data-rel=\"lightbox-gallery-1\"><img loading=\"lazy\" decoding=\"async\" width=\"150\" height=\"150\" src=\"https:\/\/www.azelot.fr\/wp-content\/uploads\/2014\/06\/0151-150x150.jpg\" class=\"attachment-thumbnail size-thumbnail\" alt=\"\" \/><\/a>\n\t\t\t<\/dt><\/dl><br style=\"clear: both\" \/><dl class='gallery-item'>\n\t\t\t<dt class='gallery-icon landscape'>\n\t\t\t\t<a href='https:\/\/www.azelot.fr\/wp-content\/uploads\/2014\/06\/0161.jpg' title=\"\" data-rl_title=\"\" class=\"rl-gallery-link\" data-rl_caption=\"\" data-rel=\"lightbox-gallery-1\"><img loading=\"lazy\" decoding=\"async\" width=\"150\" height=\"150\" src=\"https:\/\/www.azelot.fr\/wp-content\/uploads\/2014\/06\/0161-150x150.jpg\" class=\"attachment-thumbnail size-thumbnail\" alt=\"\" \/><\/a>\n\t\t\t<\/dt><\/dl><dl class='gallery-item'>\n\t\t\t<dt class='gallery-icon landscape'>\n\t\t\t\t<a href='https:\/\/www.azelot.fr\/wp-content\/uploads\/2014\/06\/0191.jpg' title=\"Entr\u00e9e du parc et distribution des plans-guide\" data-rl_title=\"Entr\u00e9e du parc et distribution des plans-guide\" class=\"rl-gallery-link\" data-rl_caption=\"\" data-rel=\"lightbox-gallery-1\"><img loading=\"lazy\" decoding=\"async\" width=\"150\" height=\"150\" src=\"https:\/\/www.azelot.fr\/wp-content\/uploads\/2014\/06\/0191-150x150.jpg\" class=\"attachment-thumbnail size-thumbnail\" alt=\"\" aria-describedby=\"gallery-1-2298\" \/><\/a>\n\t\t\t<\/dt>\n\t\t\t\t<dd class='wp-caption-text gallery-caption' id='gallery-1-2298'>\n\t\t\t\tEntr\u00e9e du parc et distribution des plans-guide\n\t\t\t\t<\/dd><\/dl><dl class='gallery-item'>\n\t\t\t<dt class='gallery-icon landscape'>\n\t\t\t\t<a href='https:\/\/www.azelot.fr\/wp-content\/uploads\/2014\/06\/0311.jpg' title=\"Le ch\u00e2teau de Malbrouck\" data-rl_title=\"Le ch\u00e2teau de Malbrouck\" class=\"rl-gallery-link\" data-rl_caption=\"\" data-rel=\"lightbox-gallery-1\"><img loading=\"lazy\" decoding=\"async\" width=\"150\" height=\"150\" src=\"https:\/\/www.azelot.fr\/wp-content\/uploads\/2014\/06\/0311-150x150.jpg\" class=\"attachment-thumbnail size-thumbnail\" alt=\"\" aria-describedby=\"gallery-1-2299\" \/><\/a>\n\t\t\t<\/dt>\n\t\t\t\t<dd class='wp-caption-text gallery-caption' id='gallery-1-2299'>\n\t\t\t\tLe ch\u00e2teau de Malbrouck\n\t\t\t\t<\/dd><\/dl><br style=\"clear: both\" \/><dl class='gallery-item'>\n\t\t\t<dt class='gallery-icon landscape'>\n\t\t\t\t<a href='https:\/\/www.azelot.fr\/wp-content\/uploads\/2014\/06\/0341.jpg' title=\"Les Thermes Napol\u00e9on\" data-rl_title=\"Les Thermes Napol\u00e9on\" class=\"rl-gallery-link\" data-rl_caption=\"\" data-rel=\"lightbox-gallery-1\"><img loading=\"lazy\" decoding=\"async\" width=\"150\" height=\"150\" src=\"https:\/\/www.azelot.fr\/wp-content\/uploads\/2014\/06\/0341-150x150.jpg\" class=\"attachment-thumbnail size-thumbnail\" alt=\"\" aria-describedby=\"gallery-1-2300\" \/><\/a>\n\t\t\t<\/dt>\n\t\t\t\t<dd class='wp-caption-text gallery-caption' id='gallery-1-2300'>\n\t\t\t\tLes Thermes Napol\u00e9on\n\t\t\t\t<\/dd><\/dl><dl class='gallery-item'>\n\t\t\t<dt class='gallery-icon landscape'>\n\t\t\t\t<a href='https:\/\/www.azelot.fr\/wp-content\/uploads\/2014\/06\/0391.jpg' title=\"\" data-rl_title=\"\" class=\"rl-gallery-link\" data-rl_caption=\"\" data-rel=\"lightbox-gallery-1\"><img loading=\"lazy\" decoding=\"async\" width=\"150\" height=\"150\" src=\"https:\/\/www.azelot.fr\/wp-content\/uploads\/2014\/06\/0391-150x150.jpg\" class=\"attachment-thumbnail size-thumbnail\" alt=\"\" \/><\/a>\n\t\t\t<\/dt><\/dl><dl class='gallery-item'>\n\t\t\t<dt class='gallery-icon landscape'>\n\t\t\t\t<a href='https:\/\/www.azelot.fr\/wp-content\/uploads\/2014\/06\/0411.jpg' title=\"Ch\u00e2teau du Haut-Koenigsbourg\" data-rl_title=\"Ch\u00e2teau du Haut-Koenigsbourg\" class=\"rl-gallery-link\" data-rl_caption=\"\" data-rel=\"lightbox-gallery-1\"><img loading=\"lazy\" decoding=\"async\" width=\"150\" height=\"150\" src=\"https:\/\/www.azelot.fr\/wp-content\/uploads\/2014\/06\/0411-150x150.jpg\" class=\"attachment-thumbnail size-thumbnail\" alt=\"\" aria-describedby=\"gallery-1-2302\" \/><\/a>\n\t\t\t<\/dt>\n\t\t\t\t<dd class='wp-caption-text gallery-caption' id='gallery-1-2302'>\n\t\t\t\tCh\u00e2teau du Haut-Koenigsbourg\n\t\t\t\t<\/dd><\/dl><br style=\"clear: both\" \/><dl class='gallery-item'>\n\t\t\t<dt class='gallery-icon landscape'>\n\t\t\t\t<a href='https:\/\/www.azelot.fr\/wp-content\/uploads\/2014\/06\/0421.jpg' title=\"\" data-rl_title=\"\" class=\"rl-gallery-link\" data-rl_caption=\"\" data-rel=\"lightbox-gallery-1\"><img loading=\"lazy\" decoding=\"async\" width=\"150\" height=\"150\" src=\"https:\/\/www.azelot.fr\/wp-content\/uploads\/2014\/06\/0421-150x150.jpg\" class=\"attachment-thumbnail size-thumbnail\" alt=\"\" \/><\/a>\n\t\t\t<\/dt><\/dl><dl class='gallery-item'>\n\t\t\t<dt class='gallery-icon landscape'>\n\t\t\t\t<a href='https:\/\/www.azelot.fr\/wp-content\/uploads\/2014\/06\/0441.jpg' title=\"Ferme vosgienne typique\" data-rl_title=\"Ferme vosgienne typique\" class=\"rl-gallery-link\" data-rl_caption=\"\" data-rel=\"lightbox-gallery-1\"><img loading=\"lazy\" decoding=\"async\" width=\"150\" height=\"150\" src=\"https:\/\/www.azelot.fr\/wp-content\/uploads\/2014\/06\/0441-150x150.jpg\" class=\"attachment-thumbnail size-thumbnail\" alt=\"\" aria-describedby=\"gallery-1-2304\" \/><\/a>\n\t\t\t<\/dt>\n\t\t\t\t<dd class='wp-caption-text gallery-caption' id='gallery-1-2304'>\n\t\t\t\tFerme vosgienne typique\n\t\t\t\t<\/dd><\/dl><dl class='gallery-item'>\n\t\t\t<dt class='gallery-icon landscape'>\n\t\t\t\t<a href='https:\/\/www.azelot.fr\/wp-content\/uploads\/2014\/06\/0461.jpg' title=\"L&#039;Alsace\" data-rl_title=\"L&#039;Alsace\" class=\"rl-gallery-link\" data-rl_caption=\"\" data-rel=\"lightbox-gallery-1\"><img loading=\"lazy\" decoding=\"async\" width=\"150\" height=\"150\" src=\"https:\/\/www.azelot.fr\/wp-content\/uploads\/2014\/06\/0461-150x150.jpg\" class=\"attachment-thumbnail size-thumbnail\" alt=\"\" aria-describedby=\"gallery-1-2305\" \/><\/a>\n\t\t\t<\/dt>\n\t\t\t\t<dd class='wp-caption-text gallery-caption' id='gallery-1-2305'>\n\t\t\t\tL&rsquo;Alsace\n\t\t\t\t<\/dd><\/dl><br style=\"clear: both\" \/><dl class='gallery-item'>\n\t\t\t<dt class='gallery-icon landscape'>\n\t\t\t\t<a href='https:\/\/www.azelot.fr\/wp-content\/uploads\/2014\/06\/0471.jpg' title=\"\" data-rl_title=\"\" class=\"rl-gallery-link\" data-rl_caption=\"\" data-rel=\"lightbox-gallery-1\"><img loading=\"lazy\" decoding=\"async\" width=\"150\" height=\"150\" src=\"https:\/\/www.azelot.fr\/wp-content\/uploads\/2014\/06\/0471-150x150.jpg\" class=\"attachment-thumbnail size-thumbnail\" alt=\"\" \/><\/a>\n\t\t\t<\/dt><\/dl><dl class='gallery-item'>\n\t\t\t<dt class='gallery-icon landscape'>\n\t\t\t\t<a href='https:\/\/www.azelot.fr\/wp-content\/uploads\/2014\/06\/0501.jpg' title=\"Le plan inclin\u00e9 d&#039;Arzviller\" data-rl_title=\"Le plan inclin\u00e9 d&#039;Arzviller\" class=\"rl-gallery-link\" data-rl_caption=\"\" data-rel=\"lightbox-gallery-1\"><img loading=\"lazy\" decoding=\"async\" width=\"150\" height=\"150\" src=\"https:\/\/www.azelot.fr\/wp-content\/uploads\/2014\/06\/0501-150x150.jpg\" class=\"attachment-thumbnail size-thumbnail\" alt=\"\" aria-describedby=\"gallery-1-2307\" \/><\/a>\n\t\t\t<\/dt>\n\t\t\t\t<dd class='wp-caption-text gallery-caption' id='gallery-1-2307'>\n\t\t\t\tLe plan inclin\u00e9 d&rsquo;Arzviller\n\t\t\t\t<\/dd><\/dl><dl class='gallery-item'>\n\t\t\t<dt class='gallery-icon landscape'>\n\t\t\t\t<a href='https:\/\/www.azelot.fr\/wp-content\/uploads\/2014\/06\/0551.jpg' title=\"\" data-rl_title=\"\" class=\"rl-gallery-link\" data-rl_caption=\"\" data-rel=\"lightbox-gallery-1\"><img loading=\"lazy\" decoding=\"async\" width=\"150\" height=\"150\" src=\"https:\/\/www.azelot.fr\/wp-content\/uploads\/2014\/06\/0551-150x150.jpg\" class=\"attachment-thumbnail size-thumbnail\" alt=\"\" \/><\/a>\n\t\t\t<\/dt><\/dl><br style=\"clear: both\" \/><dl class='gallery-item'>\n\t\t\t<dt class='gallery-icon landscape'>\n\t\t\t\t<a href='https:\/\/www.azelot.fr\/wp-content\/uploads\/2014\/06\/0561.jpg' title=\"La maison de Jeanne d&#039;Arc\" data-rl_title=\"La maison de Jeanne d&#039;Arc\" class=\"rl-gallery-link\" data-rl_caption=\"\" data-rel=\"lightbox-gallery-1\"><img loading=\"lazy\" decoding=\"async\" width=\"150\" height=\"150\" src=\"https:\/\/www.azelot.fr\/wp-content\/uploads\/2014\/06\/0561-150x150.jpg\" class=\"attachment-thumbnail size-thumbnail\" alt=\"\" aria-describedby=\"gallery-1-2309\" \/><\/a>\n\t\t\t<\/dt>\n\t\t\t\t<dd class='wp-caption-text gallery-caption' id='gallery-1-2309'>\n\t\t\t\tLa maison de Jeanne d&rsquo;Arc\n\t\t\t\t<\/dd><\/dl><dl class='gallery-item'>\n\t\t\t<dt class='gallery-icon landscape'>\n\t\t\t\t<a href='https:\/\/www.azelot.fr\/wp-content\/uploads\/2014\/06\/0612.jpg' title=\"\" data-rl_title=\"\" class=\"rl-gallery-link\" data-rl_caption=\"\" data-rel=\"lightbox-gallery-1\"><img loading=\"lazy\" decoding=\"async\" width=\"150\" height=\"150\" src=\"https:\/\/www.azelot.fr\/wp-content\/uploads\/2014\/06\/0612-150x150.jpg\" class=\"attachment-thumbnail size-thumbnail\" alt=\"\" \/><\/a>\n\t\t\t<\/dt><\/dl><dl class='gallery-item'>\n\t\t\t<dt class='gallery-icon landscape'>\n\t\t\t\t<a href='https:\/\/www.azelot.fr\/wp-content\/uploads\/2014\/06\/0661.jpg' title=\"Au restaurant &quot;Le Belcour&quot;\" data-rl_title=\"Au restaurant &quot;Le Belcour&quot;\" class=\"rl-gallery-link\" data-rl_caption=\"\" data-rel=\"lightbox-gallery-1\"><img loading=\"lazy\" decoding=\"async\" width=\"150\" height=\"150\" src=\"https:\/\/www.azelot.fr\/wp-content\/uploads\/2014\/06\/0661-150x150.jpg\" class=\"attachment-thumbnail size-thumbnail\" alt=\"\" aria-describedby=\"gallery-1-2311\" \/><\/a>\n\t\t\t<\/dt>\n\t\t\t\t<dd class='wp-caption-text gallery-caption' id='gallery-1-2311'>\n\t\t\t\tAu restaurant \u00ab\u00a0Le Belcour\u00a0\u00bb\n\t\t\t\t<\/dd><\/dl><br style=\"clear: both\" \/><dl class='gallery-item'>\n\t\t\t<dt class='gallery-icon landscape'>\n\t\t\t\t<a href='https:\/\/www.azelot.fr\/wp-content\/uploads\/2014\/06\/0751.jpg' title=\"C&#039;est un homme ou une femme ?...\" data-rl_title=\"C&#039;est un homme ou une femme ?...\" class=\"rl-gallery-link\" data-rl_caption=\"\" data-rel=\"lightbox-gallery-1\"><img loading=\"lazy\" decoding=\"async\" width=\"150\" height=\"150\" src=\"https:\/\/www.azelot.fr\/wp-content\/uploads\/2014\/06\/0751-150x150.jpg\" class=\"attachment-thumbnail size-thumbnail\" alt=\"\" aria-describedby=\"gallery-1-2312\" \/><\/a>\n\t\t\t<\/dt>\n\t\t\t\t<dd class='wp-caption-text gallery-caption' id='gallery-1-2312'>\n\t\t\t\tC&rsquo;est un homme ou une femme ?&#8230;\n\t\t\t\t<\/dd><\/dl><dl class='gallery-item'>\n\t\t\t<dt class='gallery-icon landscape'>\n\t\t\t\t<a href='https:\/\/www.azelot.fr\/wp-content\/uploads\/2014\/06\/0791.jpg' title=\"\" data-rl_title=\"\" class=\"rl-gallery-link\" data-rl_caption=\"\" data-rel=\"lightbox-gallery-1\"><img loading=\"lazy\" decoding=\"async\" width=\"150\" height=\"150\" src=\"https:\/\/www.azelot.fr\/wp-content\/uploads\/2014\/06\/0791-150x150.jpg\" class=\"attachment-thumbnail size-thumbnail\" alt=\"\" \/><\/a>\n\t\t\t<\/dt><\/dl><dl class='gallery-item'>\n\t\t\t<dt class='gallery-icon landscape'>\n\t\t\t\t<a href='https:\/\/www.azelot.fr\/wp-content\/uploads\/2014\/06\/0911.jpg' title=\"Le spectacle commence\" data-rl_title=\"Le spectacle commence\" class=\"rl-gallery-link\" data-rl_caption=\"\" data-rel=\"lightbox-gallery-1\"><img loading=\"lazy\" decoding=\"async\" width=\"150\" height=\"150\" src=\"https:\/\/www.azelot.fr\/wp-content\/uploads\/2014\/06\/0911-150x150.jpg\" class=\"attachment-thumbnail size-thumbnail\" alt=\"\" aria-describedby=\"gallery-1-2314\" \/><\/a>\n\t\t\t<\/dt>\n\t\t\t\t<dd class='wp-caption-text gallery-caption' id='gallery-1-2314'>\n\t\t\t\tLe spectacle commence\n\t\t\t\t<\/dd><\/dl><br style=\"clear: both\" \/><dl class='gallery-item'>\n\t\t\t<dt class='gallery-icon portrait'>\n\t\t\t\t<a href='https:\/\/www.azelot.fr\/wp-content\/uploads\/2014\/06\/1061.jpg' title=\"&quot;C\u00e9zanne peint...&quot; de France Gall\" data-rl_title=\"&quot;C\u00e9zanne peint...&quot; de France Gall\" class=\"rl-gallery-link\" data-rl_caption=\"\" data-rel=\"lightbox-gallery-1\"><img loading=\"lazy\" decoding=\"async\" width=\"150\" height=\"150\" src=\"https:\/\/www.azelot.fr\/wp-content\/uploads\/2014\/06\/1061-150x150.jpg\" class=\"attachment-thumbnail size-thumbnail\" alt=\"\" aria-describedby=\"gallery-1-2315\" \/><\/a>\n\t\t\t<\/dt>\n\t\t\t\t<dd class='wp-caption-text gallery-caption' id='gallery-1-2315'>\n\t\t\t\t\u00ab\u00a0C\u00e9zanne peint&#8230;\u00a0\u00bb de France Gall\n\t\t\t\t<\/dd><\/dl><dl class='gallery-item'>\n\t\t\t<dt class='gallery-icon landscape'>\n\t\t\t\t<a href='https:\/\/www.azelot.fr\/wp-content\/uploads\/2014\/06\/1081.jpg' title=\"Les Vamps, comme les vraies...\" data-rl_title=\"Les Vamps, comme les vraies...\" class=\"rl-gallery-link\" data-rl_caption=\"\" data-rel=\"lightbox-gallery-1\"><img loading=\"lazy\" decoding=\"async\" width=\"150\" height=\"150\" src=\"https:\/\/www.azelot.fr\/wp-content\/uploads\/2014\/06\/1081-150x150.jpg\" class=\"attachment-thumbnail size-thumbnail\" alt=\"\" aria-describedby=\"gallery-1-2316\" \/><\/a>\n\t\t\t<\/dt>\n\t\t\t\t<dd class='wp-caption-text gallery-caption' id='gallery-1-2316'>\n\t\t\t\tLes Vamps, comme les vraies&#8230;\n\t\t\t\t<\/dd><\/dl><dl class='gallery-item'>\n\t\t\t<dt class='gallery-icon landscape'>\n\t\t\t\t<a href='https:\/\/www.azelot.fr\/wp-content\/uploads\/2014\/06\/1161.jpg' title=\"C\u00e9line Dion avec la voix de Laurent Gerra\" data-rl_title=\"C\u00e9line Dion avec la voix de Laurent Gerra\" class=\"rl-gallery-link\" data-rl_caption=\"\" data-rel=\"lightbox-gallery-1\"><img loading=\"lazy\" decoding=\"async\" width=\"150\" height=\"150\" src=\"https:\/\/www.azelot.fr\/wp-content\/uploads\/2014\/06\/1161-150x150.jpg\" class=\"attachment-thumbnail size-thumbnail\" alt=\"\" aria-describedby=\"gallery-1-2317\" \/><\/a>\n\t\t\t<\/dt>\n\t\t\t\t<dd class='wp-caption-text gallery-caption' id='gallery-1-2317'>\n\t\t\t\tC\u00e9line Dion avec la voix de Laurent Gerra\n\t\t\t\t<\/dd><\/dl><br style=\"clear: both\" \/><dl class='gallery-item'>\n\t\t\t<dt class='gallery-icon portrait'>\n\t\t\t\t<a href='https:\/\/www.azelot.fr\/wp-content\/uploads\/2014\/06\/1181.jpg' title=\"Bouleversante Annie Girardot\" data-rl_title=\"Bouleversante Annie Girardot\" class=\"rl-gallery-link\" data-rl_caption=\"\" data-rel=\"lightbox-gallery-1\"><img loading=\"lazy\" decoding=\"async\" width=\"150\" height=\"150\" src=\"https:\/\/www.azelot.fr\/wp-content\/uploads\/2014\/06\/1181-150x150.jpg\" class=\"attachment-thumbnail size-thumbnail\" alt=\"\" aria-describedby=\"gallery-1-2318\" \/><\/a>\n\t\t\t<\/dt>\n\t\t\t\t<dd class='wp-caption-text gallery-caption' id='gallery-1-2318'>\n\t\t\t\tBouleversante Annie Girardot\n\t\t\t\t<\/dd><\/dl><dl class='gallery-item'>\n\t\t\t<dt class='gallery-icon landscape'>\n\t\t\t\t<a href='https:\/\/www.azelot.fr\/wp-content\/uploads\/2014\/06\/1431.jpg' title=\"\" data-rl_title=\"\" class=\"rl-gallery-link\" data-rl_caption=\"\" data-rel=\"lightbox-gallery-1\"><img loading=\"lazy\" decoding=\"async\" width=\"150\" height=\"150\" src=\"https:\/\/www.azelot.fr\/wp-content\/uploads\/2014\/06\/1431-150x150.jpg\" class=\"attachment-thumbnail size-thumbnail\" alt=\"\" \/><\/a>\n\t\t\t<\/dt><\/dl><dl class='gallery-item'>\n\t\t\t<dt class='gallery-icon landscape'>\n\t\t\t\t<a href='https:\/\/www.azelot.fr\/wp-content\/uploads\/2014\/06\/1461.jpg' title=\"\" data-rl_title=\"\" class=\"rl-gallery-link\" data-rl_caption=\"\" data-rel=\"lightbox-gallery-1\"><img loading=\"lazy\" decoding=\"async\" width=\"150\" height=\"150\" src=\"https:\/\/www.azelot.fr\/wp-content\/uploads\/2014\/06\/1461-150x150.jpg\" class=\"attachment-thumbnail size-thumbnail\" alt=\"\" \/><\/a>\n\t\t\t<\/dt><\/dl><br style=\"clear: both\" \/>\n\t\t<\/div>\n\n","protected":false},"excerpt":{"rendered":"<p>Comme chaque ann\u00e9e, le CCAS propose une sortie aux ain\u00e9s du village et de leurs amis. Un quarantaine de personnes s&rsquo;est donc retrouv\u00e9e ce jeudi 12 juin d\u00e8s 8 h 15 sous un soleil magnifique pour embarquer dans le bus,&#8230;<br \/><a class=\"read-more-button\" href=\"https:\/\/www.azelot.fr\/?p=2243\">Savoir plus<\/a><\/p>\n","protected":false},"author":2,"featured_media":0,"comment_status":"open","ping_status":"open","sticky":false,"template":"","format":"standard","meta":{"activitypub_content_warning":"","activitypub_content_visibility":"","activitypub_max_image_attachments":4,"activitypub_interaction_policy_quote":"","activitypub_status":"","footnotes":""},"categories":[4],"tags":[170,175,174,177,176,172,178],"class_list":["post-2243","post","type-post","status-publish","format-standard","hentry","category-mairie","tag-aines","tag-ccas","tag-le-belcour","tag-parc-miniatures","tag-pombieres","tag-saint-nabor","tag-transformiste"],"_links":{"self":[{"href":"https:\/\/www.azelot.fr\/index.php?rest_route=\/wp\/v2\/posts\/2243","targetHints":{"allow":["GET"]}}],"collection":[{"href":"https:\/\/www.azelot.fr\/index.php?rest_route=\/wp\/v2\/posts"}],"about":[{"href":"https:\/\/www.azelot.fr\/index.php?rest_route=\/wp\/v2\/types\/post"}],"author":[{"embeddable":true,"href":"https:\/\/www.azelot.fr\/index.php?rest_route=\/wp\/v2\/users\/2"}],"replies":[{"embeddable":true,"href":"https:\/\/www.azelot.fr\/index.php?rest_route=%2Fwp%2Fv2%2Fcomments&post=2243"}],"version-history":[{"count":8,"href":"https:\/\/www.azelot.fr\/index.php?rest_route=\/wp\/v2\/posts\/2243\/revisions"}],"predecessor-version":[{"id":2322,"href":"https:\/\/www.azelot.fr\/index.php?rest_route=\/wp\/v2\/posts\/2243\/revisions\/2322"}],"wp:attachment":[{"href":"https:\/\/www.azelot.fr\/index.php?rest_route=%2Fwp%2Fv2%2Fmedia&parent=2243"}],"wp:term":[{"taxonomy":"category","embeddable":true,"href":"https:\/\/www.azelot.fr\/index.php?rest_route=%2Fwp%2Fv2%2Fcategories&post=2243"},{"taxonomy":"post_tag","embeddable":true,"href":"https:\/\/www.azelot.fr\/index.php?rest_route=%2Fwp%2Fv2%2Ftags&post=2243"}],"curies":[{"name":"wp","href":"https:\/\/api.w.org\/{rel}","templated":true}]}}