{"id":2227,"date":"2014-06-03T22:14:32","date_gmt":"2014-06-03T20:14:32","guid":{"rendered":"http:\/\/www.azelot.fr\/?p=2227"},"modified":"2014-06-04T08:33:11","modified_gmt":"2014-06-04T06:33:11","slug":"inauguration-des-nouveaux-vestiaires","status":"publish","type":"post","link":"https:\/\/www.azelot.fr\/?p=2227","title":{"rendered":"Inauguration des nouveaux vestiaires."},"content":{"rendered":"<p>Les vestiaires nouveaux sont arriv\u00e9s&#8230;. La municipalit\u00e9 avait invit\u00e9 Jean-Claude Pissenem, conseiller g\u00e9n\u00e9ral et ancien maire, ainsi que toutes les personnes qui b\u00e9n\u00e9volement avaient aid\u00e9 \u00e0 ce que ces vestiaires soient finis \u00e0 temps. L&rsquo;ap\u00e9ritif offert par la commune a rassembl\u00e9 tous les pr\u00e9sents de fa\u00e7on conviviale et amicale. L&rsquo;Entente Sportive du Vermois avait pr\u00e9vu de marquer l&rsquo;\u00e9v\u00e9nement en pr\u00e9parant un tournoi en invitant les \u00e9quipes de Bouxi\u00e8res et de Saint-Cl\u00e9ment.<\/p>\n<p>&nbsp;<\/p>\n<p style=\"text-align: center;\"><a href=\"https:\/\/www.azelot.fr\/wp-content\/uploads\/2014\/06\/ESV-un-grand-moment-de-partage-et-des-vestiaires-bien-apprecies-des-joueurs.jpg\" data-rel=\"lightbox-gallery-YthAM8gL\" data-rl_title=\"\" data-rl_caption=\"\" title=\"\"><img loading=\"lazy\" decoding=\"async\" class=\"aligncenter size-full wp-image-2230\" src=\"https:\/\/www.azelot.fr\/wp-content\/uploads\/2014\/06\/ESV-un-grand-moment-de-partage-et-des-vestiaires-bien-apprecies-des-joueurs.jpg\" alt=\"ESV-un-grand-moment-de-partage-et-des-vestiaires-bien-apprecies-des-joueurs\" width=\"600\" height=\"247\" srcset=\"https:\/\/www.azelot.fr\/wp-content\/uploads\/2014\/06\/ESV-un-grand-moment-de-partage-et-des-vestiaires-bien-apprecies-des-joueurs.jpg 600w, https:\/\/www.azelot.fr\/wp-content\/uploads\/2014\/06\/ESV-un-grand-moment-de-partage-et-des-vestiaires-bien-apprecies-des-joueurs-300x123.jpg 300w\" sizes=\"auto, (max-width: 600px) 100vw, 600px\" \/><\/a><\/p>\n<p>&nbsp;<\/p>\n<p>Un barbecue a permis \u00e0 chacun de se restaurer sous un soleil radieux. Une f\u00eate r\u00e9ussie et des vestiaires qui sont un bel outil pour permettre \u00e0 l&rsquo;ESV de jouer dans un cadre plus qu&rsquo;agr\u00e9able.<\/p>\n","protected":false},"excerpt":{"rendered":"<p>Les vestiaires nouveaux sont arriv\u00e9s&#8230;. La municipalit\u00e9 avait invit\u00e9 Jean-Claude Pissenem, conseiller g\u00e9n\u00e9ral et ancien maire, ainsi que toutes les personnes qui b\u00e9n\u00e9volement avaient aid\u00e9 \u00e0 ce que ces vestiaires soient finis \u00e0 temps. L&rsquo;ap\u00e9ritif offert par la commune a&#8230;<br \/><a class=\"read-more-button\" href=\"https:\/\/www.azelot.fr\/?p=2227\">Savoir plus<\/a><\/p>\n","protected":false},"author":4,"featured_media":0,"comment_status":"open","ping_status":"open","sticky":false,"template":"","format":"standard","meta":{"activitypub_content_warning":"","activitypub_content_visibility":"","activitypub_max_image_attachments":4,"activitypub_interaction_policy_quote":"","activitypub_status":"","footnotes":""},"categories":[4],"tags":[167],"class_list":["post-2227","post","type-post","status-publish","format-standard","hentry","category-mairie","tag-esv-inauguration"],"_links":{"self":[{"href":"https:\/\/www.azelot.fr\/index.php?rest_route=\/wp\/v2\/posts\/2227","targetHints":{"allow":["GET"]}}],"collection":[{"href":"https:\/\/www.azelot.fr\/index.php?rest_route=\/wp\/v2\/posts"}],"about":[{"href":"https:\/\/www.azelot.fr\/index.php?rest_route=\/wp\/v2\/types\/post"}],"author":[{"embeddable":true,"href":"https:\/\/www.azelot.fr\/index.php?rest_route=\/wp\/v2\/users\/4"}],"replies":[{"embeddable":true,"href":"https:\/\/www.azelot.fr\/index.php?rest_route=%2Fwp%2Fv2%2Fcomments&post=2227"}],"version-history":[{"count":3,"href":"https:\/\/www.azelot.fr\/index.php?rest_route=\/wp\/v2\/posts\/2227\/revisions"}],"predecessor-version":[{"id":2231,"href":"https:\/\/www.azelot.fr\/index.php?rest_route=\/wp\/v2\/posts\/2227\/revisions\/2231"}],"wp:attachment":[{"href":"https:\/\/www.azelot.fr\/index.php?rest_route=%2Fwp%2Fv2%2Fmedia&parent=2227"}],"wp:term":[{"taxonomy":"category","embeddable":true,"href":"https:\/\/www.azelot.fr\/index.php?rest_route=%2Fwp%2Fv2%2Fcategories&post=2227"},{"taxonomy":"post_tag","embeddable":true,"href":"https:\/\/www.azelot.fr\/index.php?rest_route=%2Fwp%2Fv2%2Ftags&post=2227"}],"curies":[{"name":"wp","href":"https:\/\/api.w.org\/{rel}","templated":true}]}}