{"id":221,"date":"2011-10-17T10:39:47","date_gmt":"2011-10-17T08:39:47","guid":{"rendered":"http:\/\/test.azelot.fr\/?p=221"},"modified":"2012-05-27T16:48:55","modified_gmt":"2012-05-27T14:48:55","slug":"221","status":"publish","type":"post","link":"https:\/\/www.azelot.fr\/?p=221","title":{"rendered":"Marche dans les Vosges"},"content":{"rendered":"<div>\n<div>\n<p>Ce samedi 15 octobre, \u00e9tait organis\u00e9e une randonn\u00e9e dans les Vosges. Cette fois, nous avions d\u00e9laiss\u00e9 la r\u00e9gion de G\u00e9rardmer pour d\u00e9couvrir le DONON. La temp\u00e9rature \u00e9tait presque hivernale, mais le magnifique soleil qui nous a accompagn\u00e9 a eu t\u00f4t fait de nous r\u00e9chauffer. La petite troupe a gravi tranquillement la pente jusqu&rsquo;au temple situ\u00e9 au sommet (1007 m) et ainsi d\u00e9couvrir le panorama magnifique avec une vue \u00e0 l&rsquo;infini sur 360\u00b0. Avec des bonnes jumelles et un peu moins de brouillard, on aurait pu voir AZELOT !&#8230;<\/p>\n<p><!--more--><\/p>\n<p><a href=\"https:\/\/www.azelot.fr\/wp-content\/uploads\/2012\/05\/005_0.jpg\" data-rel=\"lightbox-gallery-cXrtfNkI\" data-rl_title=\"\" data-rl_caption=\"\"><img loading=\"lazy\" decoding=\"async\" class=\"alignnone size-full wp-image-222\" title=\"\" src=\"https:\/\/www.azelot.fr\/wp-content\/uploads\/2012\/05\/005_0.jpg\" alt=\"\" width=\"680\" height=\"510\" srcset=\"https:\/\/www.azelot.fr\/wp-content\/uploads\/2012\/05\/005_0.jpg 680w, https:\/\/www.azelot.fr\/wp-content\/uploads\/2012\/05\/005_0-300x225.jpg 300w\" sizes=\"auto, (max-width: 680px) 100vw, 680px\" \/><\/a><\/p>\n<p>&nbsp;<\/p>\n<p>Apr\u00e8s un excellent repas pris au \u00ab\u00a0Relais de Lorraine et Alsace\u00a0\u00bb de Raon l&rsquo;Etape (on vous conseille la t\u00eate de veau par exemple), la promenade digestive de l&rsquo;apr\u00e8s-midi nous a conduits sur les bords du minuscule mais pittoresque lac de LA MAIX (prononcer \u00ab\u00a0la M\u00e9\u00a0\u00bb bien s\u00fbr). Le tour du lac nous conduisit jusqu&rsquo;au sarcophage et \u00e0 la petite chapelle situ\u00e9s \u00e0 proximit\u00e9.<\/p>\n<p>&nbsp;<\/p>\n<p><a href=\"https:\/\/www.azelot.fr\/wp-content\/uploads\/2012\/05\/008_0.jpg\" data-rel=\"lightbox-gallery-cXrtfNkI\" data-rl_title=\"\" data-rl_caption=\"\"><img loading=\"lazy\" decoding=\"async\" class=\"alignnone size-full wp-image-223\" title=\"\" src=\"https:\/\/www.azelot.fr\/wp-content\/uploads\/2012\/05\/008_0.jpg\" alt=\"\" width=\"680\" height=\"510\" srcset=\"https:\/\/www.azelot.fr\/wp-content\/uploads\/2012\/05\/008_0.jpg 680w, https:\/\/www.azelot.fr\/wp-content\/uploads\/2012\/05\/008_0-300x225.jpg 300w\" sizes=\"auto, (max-width: 680px) 100vw, 680px\" \/><\/a><\/p>\n<p>Apr\u00e8s cela, il \u00e9tait temps de regagner notre village, heureux de cette journ\u00e9e pass\u00e9e entre amis dans une r\u00e9gion magnifique, en se promettant de se retrouver (au printemps) encore plus nombreux.<\/p>\n<\/div>\n<\/div>\n","protected":false},"excerpt":{"rendered":"<p>Ce samedi 15 octobre, \u00e9tait organis\u00e9e une randonn\u00e9e dans les Vosges. Cette fois, nous avions d\u00e9laiss\u00e9 la r\u00e9gion de G\u00e9rardmer pour d\u00e9couvrir le DONON. La temp\u00e9rature \u00e9tait presque hivernale, mais le magnifique soleil qui nous a accompagn\u00e9 a eu t\u00f4t&#8230;<br \/><a class=\"read-more-button\" href=\"https:\/\/www.azelot.fr\/?p=221\">Savoir plus<\/a><\/p>\n","protected":false},"author":2,"featured_media":0,"comment_status":"open","ping_status":"open","sticky":false,"template":"","format":"standard","meta":{"activitypub_content_warning":"","activitypub_content_visibility":"","activitypub_max_image_attachments":4,"activitypub_interaction_policy_quote":"","activitypub_status":"","footnotes":""},"categories":[5],"tags":[11,13,12],"class_list":["post-221","post","type-post","status-publish","format-standard","hentry","category-foyer-rural","tag-compte-rendu","tag-randonnee","tag-vosges"],"_links":{"self":[{"href":"https:\/\/www.azelot.fr\/index.php?rest_route=\/wp\/v2\/posts\/221","targetHints":{"allow":["GET"]}}],"collection":[{"href":"https:\/\/www.azelot.fr\/index.php?rest_route=\/wp\/v2\/posts"}],"about":[{"href":"https:\/\/www.azelot.fr\/index.php?rest_route=\/wp\/v2\/types\/post"}],"author":[{"embeddable":true,"href":"https:\/\/www.azelot.fr\/index.php?rest_route=\/wp\/v2\/users\/2"}],"replies":[{"embeddable":true,"href":"https:\/\/www.azelot.fr\/index.php?rest_route=%2Fwp%2Fv2%2Fcomments&post=221"}],"version-history":[{"count":2,"href":"https:\/\/www.azelot.fr\/index.php?rest_route=\/wp\/v2\/posts\/221\/revisions"}],"predecessor-version":[{"id":225,"href":"https:\/\/www.azelot.fr\/index.php?rest_route=\/wp\/v2\/posts\/221\/revisions\/225"}],"wp:attachment":[{"href":"https:\/\/www.azelot.fr\/index.php?rest_route=%2Fwp%2Fv2%2Fmedia&parent=221"}],"wp:term":[{"taxonomy":"category","embeddable":true,"href":"https:\/\/www.azelot.fr\/index.php?rest_route=%2Fwp%2Fv2%2Fcategories&post=221"},{"taxonomy":"post_tag","embeddable":true,"href":"https:\/\/www.azelot.fr\/index.php?rest_route=%2Fwp%2Fv2%2Ftags&post=221"}],"curies":[{"name":"wp","href":"https:\/\/api.w.org\/{rel}","templated":true}]}}