{"id":207,"date":"2011-10-08T10:43:05","date_gmt":"2011-10-08T08:43:05","guid":{"rendered":"http:\/\/test.azelot.fr\/?p=207"},"modified":"2012-05-21T11:07:21","modified_gmt":"2012-05-21T09:07:21","slug":"assemblee-generale-du-21-octobre-2011","status":"publish","type":"post","link":"https:\/\/www.azelot.fr\/?p=207","title":{"rendered":"Assembl\u00e9e g\u00e9n\u00e9rale du 21 octobre 2011"},"content":{"rendered":"<p>L&rsquo;assembl\u00e9e g\u00e9n\u00e9rale s&rsquo;adresse \u00e0 tous : aussi bien ceux qui participent r\u00e9guli\u00e8rement aux activit\u00e9s qu&rsquo;\u00e0 ceux qui viennent donner un coup de main occasionnel.<\/p>\n<p>Vous \u00eates donc tous invit\u00e9s. Pour plus de renseignements, cliquez sur le fichier attach\u00e9.<\/p>\n<p>A bient\u00f4t.<\/p>\n<p><div class='afi-document'><div class='afi-document-icon'><a href='https:\/\/www.azelot.fr\/wp-content\/uploads\/2012\/05\/AssG\u00e9n10_3.pdf'><img src='https:\/\/www.azelot.fr\/wp-content\/plugins\/attachment-file-icons\/mime\/pdf-icon.png'\/><\/a><\/div><div class='afi-document-link'><a href=\"https:\/\/www.azelot.fr\/wp-content\/uploads\/2012\/05\/AssG\u00e9n10_3.pdf\">AssG\u00e9n10_3<\/a><\/div><\/div><div class='afi-clear'><\/div><\/p>\n","protected":false},"excerpt":{"rendered":"<p>L&rsquo;assembl\u00e9e g\u00e9n\u00e9rale s&rsquo;adresse \u00e0 tous : aussi bien ceux qui participent r\u00e9guli\u00e8rement aux activit\u00e9s qu&rsquo;\u00e0 ceux qui viennent donner un coup de main occasionnel. Vous \u00eates donc tous invit\u00e9s. Pour plus de renseignements, cliquez sur le fichier attach\u00e9. A bient\u00f4t&#8230;.<br \/><a class=\"read-more-button\" href=\"https:\/\/www.azelot.fr\/?p=207\">Savoir plus<\/a><\/p>\n","protected":false},"author":2,"featured_media":0,"comment_status":"open","ping_status":"open","sticky":false,"template":"","format":"standard","meta":{"activitypub_content_warning":"","activitypub_content_visibility":"","activitypub_max_image_attachments":4,"activitypub_interaction_policy_quote":"","activitypub_status":"","footnotes":""},"categories":[5],"tags":[6,38],"class_list":["post-207","post","type-post","status-publish","format-standard","hentry","category-foyer-rural","tag-annonce","tag-assemblee-generale"],"_links":{"self":[{"href":"https:\/\/www.azelot.fr\/index.php?rest_route=\/wp\/v2\/posts\/207","targetHints":{"allow":["GET"]}}],"collection":[{"href":"https:\/\/www.azelot.fr\/index.php?rest_route=\/wp\/v2\/posts"}],"about":[{"href":"https:\/\/www.azelot.fr\/index.php?rest_route=\/wp\/v2\/types\/post"}],"author":[{"embeddable":true,"href":"https:\/\/www.azelot.fr\/index.php?rest_route=\/wp\/v2\/users\/2"}],"replies":[{"embeddable":true,"href":"https:\/\/www.azelot.fr\/index.php?rest_route=%2Fwp%2Fv2%2Fcomments&post=207"}],"version-history":[{"count":1,"href":"https:\/\/www.azelot.fr\/index.php?rest_route=\/wp\/v2\/posts\/207\/revisions"}],"predecessor-version":[{"id":209,"href":"https:\/\/www.azelot.fr\/index.php?rest_route=\/wp\/v2\/posts\/207\/revisions\/209"}],"wp:attachment":[{"href":"https:\/\/www.azelot.fr\/index.php?rest_route=%2Fwp%2Fv2%2Fmedia&parent=207"}],"wp:term":[{"taxonomy":"category","embeddable":true,"href":"https:\/\/www.azelot.fr\/index.php?rest_route=%2Fwp%2Fv2%2Fcategories&post=207"},{"taxonomy":"post_tag","embeddable":true,"href":"https:\/\/www.azelot.fr\/index.php?rest_route=%2Fwp%2Fv2%2Ftags&post=207"}],"curies":[{"name":"wp","href":"https:\/\/api.w.org\/{rel}","templated":true}]}}