{"id":182,"date":"2011-09-21T08:43:56","date_gmt":"2011-09-21T06:43:56","guid":{"rendered":"http:\/\/test.azelot.fr\/?p=182"},"modified":"2012-05-11T10:45:08","modified_gmt":"2012-05-11T08:45:08","slug":"reprise-de-la-gym","status":"publish","type":"post","link":"https:\/\/www.azelot.fr\/?p=182","title":{"rendered":"Reprise de la gym"},"content":{"rendered":"<div>\n<div>\n<p>Lundi dernier \u00e0 20 h 30, une douzaine de dames ont fait connaissance avec leur nouvel animateur : <strong>FABIEN<\/strong>.<\/p>\n<p><a href=\"https:\/\/www.azelot.fr\/wp-content\/uploads\/2012\/05\/002_1.jpg\" data-rel=\"lightbox-gallery-L1luIJqZ\" data-rl_title=\"\" data-rl_caption=\"\"><img loading=\"lazy\" decoding=\"async\" class=\"alignnone size-full wp-image-183\" title=\"\" src=\"https:\/\/www.azelot.fr\/wp-content\/uploads\/2012\/05\/002_1.jpg\" alt=\"\" width=\"900\" height=\"1200\" srcset=\"https:\/\/www.azelot.fr\/wp-content\/uploads\/2012\/05\/002_1.jpg 900w, https:\/\/www.azelot.fr\/wp-content\/uploads\/2012\/05\/002_1-225x300.jpg 225w, https:\/\/www.azelot.fr\/wp-content\/uploads\/2012\/05\/002_1-768x1024.jpg 768w\" sizes=\"auto, (max-width: 900px) 100vw, 900px\" \/><\/a><\/p>\n<p>Cette premi\u00e8re s\u00e9ance a permis \u00e0 chacun de faire connaissance. Les dames ont pu pr\u00e9ciser leurs attentes et Fabien a expliqu\u00e9 sa fa\u00e7on de travailler.<\/p>\n<p><!--more--><\/p>\n<p>Voil\u00e0 une nouvelle saison repartie sur de bons rails. Les personnes int\u00e9ress\u00e9es peuvent toujours se pr\u00e9senter lundi prochain \u00e0 20 h 30 \u00e0 la salle polyvalente. Tout le monde sera content de les accueillir.<\/p>\n<\/div>\n<\/div>\n","protected":false},"excerpt":{"rendered":"<p>Lundi dernier \u00e0 20 h 30, une douzaine de dames ont fait connaissance avec leur nouvel animateur : FABIEN. Cette premi\u00e8re s\u00e9ance a permis \u00e0 chacun de faire connaissance. Les dames ont pu pr\u00e9ciser leurs attentes et Fabien a expliqu\u00e9&#8230;<br \/><a class=\"read-more-button\" href=\"https:\/\/www.azelot.fr\/?p=182\">Savoir plus<\/a><\/p>\n","protected":false},"author":2,"featured_media":0,"comment_status":"open","ping_status":"open","sticky":false,"template":"","format":"standard","meta":{"activitypub_content_warning":"","activitypub_content_visibility":"","activitypub_max_image_attachments":4,"activitypub_interaction_policy_quote":"","activitypub_status":"","footnotes":""},"categories":[5],"tags":[18,32],"class_list":["post-182","post","type-post","status-publish","format-standard","hentry","category-foyer-rural","tag-activite","tag-gymnastique"],"_links":{"self":[{"href":"https:\/\/www.azelot.fr\/index.php?rest_route=\/wp\/v2\/posts\/182","targetHints":{"allow":["GET"]}}],"collection":[{"href":"https:\/\/www.azelot.fr\/index.php?rest_route=\/wp\/v2\/posts"}],"about":[{"href":"https:\/\/www.azelot.fr\/index.php?rest_route=\/wp\/v2\/types\/post"}],"author":[{"embeddable":true,"href":"https:\/\/www.azelot.fr\/index.php?rest_route=\/wp\/v2\/users\/2"}],"replies":[{"embeddable":true,"href":"https:\/\/www.azelot.fr\/index.php?rest_route=%2Fwp%2Fv2%2Fcomments&post=182"}],"version-history":[{"count":2,"href":"https:\/\/www.azelot.fr\/index.php?rest_route=\/wp\/v2\/posts\/182\/revisions"}],"predecessor-version":[{"id":185,"href":"https:\/\/www.azelot.fr\/index.php?rest_route=\/wp\/v2\/posts\/182\/revisions\/185"}],"wp:attachment":[{"href":"https:\/\/www.azelot.fr\/index.php?rest_route=%2Fwp%2Fv2%2Fmedia&parent=182"}],"wp:term":[{"taxonomy":"category","embeddable":true,"href":"https:\/\/www.azelot.fr\/index.php?rest_route=%2Fwp%2Fv2%2Fcategories&post=182"},{"taxonomy":"post_tag","embeddable":true,"href":"https:\/\/www.azelot.fr\/index.php?rest_route=%2Fwp%2Fv2%2Ftags&post=182"}],"curies":[{"name":"wp","href":"https:\/\/api.w.org\/{rel}","templated":true}]}}