{"id":171,"date":"2011-09-05T08:04:07","date_gmt":"2011-09-05T06:04:07","guid":{"rendered":"http:\/\/test.azelot.fr\/?p=171"},"modified":"2012-04-26T18:25:38","modified_gmt":"2012-04-26T16:25:38","slug":"gymnastique","status":"publish","type":"post","link":"https:\/\/www.azelot.fr\/?p=171","title":{"rendered":"Gymnastique"},"content":{"rendered":"<div>\n<div>\n<p>Les s\u00e9ances de gymnastique d&rsquo;entretien reprendront le<\/p>\n<p style=\"text-align: center;\">\u00a0<em><strong>lundi 19 septembre 2011 \u00e0 20 h 30<\/strong><\/em><\/p>\n<p>\u00a0Comme les autres ann\u00e9es, elles se d\u00e9roulent dans la salle polyvalente de 20 h 30 \u00e0 21 h 30. Elles ne sont pas r\u00e9serv\u00e9es aux dames&#8230;<\/p>\n<p><em>Pour tout renseignement compl\u00e9mentaire, vous pouvez appeler Michel ou Marie-Agn\u00e8s cHATRE au 03 83 46 50 03<\/em><\/p>\n<p>Le tarif est fix\u00e9 en fonction du nombre de participants. L&rsquo;ann\u00e9e derni\u00e8re, il \u00e9tait de 30 euros par trimestre (plus la carte des foyers ruraux).<\/p>\n<\/div>\n<\/div>\n","protected":false},"excerpt":{"rendered":"<p>Les s\u00e9ances de gymnastique d&rsquo;entretien reprendront le \u00a0lundi 19 septembre 2011 \u00e0 20 h 30 \u00a0Comme les autres ann\u00e9es, elles se d\u00e9roulent dans la salle polyvalente de 20 h 30 \u00e0 21 h 30. Elles ne sont pas r\u00e9serv\u00e9es aux&#8230;<br \/><a class=\"read-more-button\" href=\"https:\/\/www.azelot.fr\/?p=171\">Savoir plus<\/a><\/p>\n","protected":false},"author":2,"featured_media":0,"comment_status":"open","ping_status":"open","sticky":false,"template":"","format":"standard","meta":{"activitypub_content_warning":"","activitypub_content_visibility":"","activitypub_max_image_attachments":4,"activitypub_interaction_policy_quote":"","activitypub_status":"","footnotes":""},"categories":[5],"tags":[18,6,32],"class_list":["post-171","post","type-post","status-publish","format-standard","hentry","category-foyer-rural","tag-activite","tag-annonce","tag-gymnastique"],"_links":{"self":[{"href":"https:\/\/www.azelot.fr\/index.php?rest_route=\/wp\/v2\/posts\/171","targetHints":{"allow":["GET"]}}],"collection":[{"href":"https:\/\/www.azelot.fr\/index.php?rest_route=\/wp\/v2\/posts"}],"about":[{"href":"https:\/\/www.azelot.fr\/index.php?rest_route=\/wp\/v2\/types\/post"}],"author":[{"embeddable":true,"href":"https:\/\/www.azelot.fr\/index.php?rest_route=\/wp\/v2\/users\/2"}],"replies":[{"embeddable":true,"href":"https:\/\/www.azelot.fr\/index.php?rest_route=%2Fwp%2Fv2%2Fcomments&post=171"}],"version-history":[{"count":2,"href":"https:\/\/www.azelot.fr\/index.php?rest_route=\/wp\/v2\/posts\/171\/revisions"}],"predecessor-version":[{"id":173,"href":"https:\/\/www.azelot.fr\/index.php?rest_route=\/wp\/v2\/posts\/171\/revisions\/173"}],"wp:attachment":[{"href":"https:\/\/www.azelot.fr\/index.php?rest_route=%2Fwp%2Fv2%2Fmedia&parent=171"}],"wp:term":[{"taxonomy":"category","embeddable":true,"href":"https:\/\/www.azelot.fr\/index.php?rest_route=%2Fwp%2Fv2%2Fcategories&post=171"},{"taxonomy":"post_tag","embeddable":true,"href":"https:\/\/www.azelot.fr\/index.php?rest_route=%2Fwp%2Fv2%2Ftags&post=171"}],"curies":[{"name":"wp","href":"https:\/\/api.w.org\/{rel}","templated":true}]}}