{"id":1571,"date":"2013-11-11T13:56:40","date_gmt":"2013-11-11T11:56:40","guid":{"rendered":"http:\/\/www.azelot.fr\/?p=1571"},"modified":"2013-11-11T21:57:50","modified_gmt":"2013-11-11T19:57:50","slug":"ceremonie-du-11-novembre","status":"publish","type":"post","link":"https:\/\/www.azelot.fr\/?p=1571","title":{"rendered":"C\u00e9r\u00e9monie du 11 novembre"},"content":{"rendered":"<p>Un temps froid et humide, mais 70 personnes se sont rassembl\u00e9es autour du \u00a0monument aux morts de la commune.<\/p>\n<p>&nbsp;<\/p>\n<p style=\"text-align: center;\"><a href=\"https:\/\/www.azelot.fr\/wp-content\/uploads\/2013\/11\/010.jpg\" data-rel=\"lightbox-gallery-d4STuZdD\" data-rl_title=\"\" data-rl_caption=\"\" title=\"\"><img loading=\"lazy\" decoding=\"async\" class=\"aligncenter size-large wp-image-1576\" alt=\"010\" src=\"https:\/\/www.azelot.fr\/wp-content\/uploads\/2013\/11\/010-1024x723.jpg\" width=\"630\" height=\"444\" srcset=\"https:\/\/www.azelot.fr\/wp-content\/uploads\/2013\/11\/010-1024x723.jpg 1024w, https:\/\/www.azelot.fr\/wp-content\/uploads\/2013\/11\/010-300x211.jpg 300w\" sizes=\"auto, (max-width: 630px) 100vw, 630px\" \/><\/a><!--more--><\/p>\n<p>&nbsp;<\/p>\n<p>Ce sont deux enfants de la commune, Faustine et Gr\u00e9goire, qui ont d\u00e9pos\u00e9 les gerbes.<\/p>\n<p style=\"text-align: center;\"><a href=\"https:\/\/www.azelot.fr\/wp-content\/uploads\/2013\/11\/003.jpg\" data-rel=\"lightbox-gallery-d4STuZdD\" data-rl_title=\"\" data-rl_caption=\"\" title=\"\"><img loading=\"lazy\" decoding=\"async\" class=\"aligncenter size-large wp-image-1575\" alt=\"003\" src=\"https:\/\/www.azelot.fr\/wp-content\/uploads\/2013\/11\/003-1024x724.jpg\" width=\"630\" height=\"445\" srcset=\"https:\/\/www.azelot.fr\/wp-content\/uploads\/2013\/11\/003-1024x724.jpg 1024w, https:\/\/www.azelot.fr\/wp-content\/uploads\/2013\/11\/003-300x212.jpg 300w\" sizes=\"auto, (max-width: 630px) 100vw, 630px\" \/><\/a><\/p>\n<p>L&rsquo;une des deux, constitu\u00e9e de coquelicots rouges, symboles des morts Britanniques de la Grande guerre, avait \u00e9t\u00e9 envoy\u00e9e par un sujet anglais qui a des liens d&rsquo;amiti\u00e9 avec notre village. Cette gerbe fut d\u00e9pos\u00e9e au dessus des 4 tombes d&rsquo;Indiens morts en 1918, au moment de la construction de l&rsquo;actuel a\u00e9rodrome d&rsquo;Azelot, qui servait de piste pour les avions britanniques pour combattre sur le front si proche.<\/p>\n<p><!--more--><\/p>\n<p>M. Le Maire a lu le discours du secr\u00e9taire d&rsquo;Etat aux anciens combattants, M. Kader Arif. Une minute de silence et de recueillement\u00a0a suivi la lecture des noms des\u00a0morts grav\u00e9s sur le monument.<\/p>\n<p>&nbsp;<\/p>\n<p style=\"text-align: center;\"><a href=\"https:\/\/www.azelot.fr\/wp-content\/uploads\/2013\/11\/007.jpg\" data-rel=\"lightbox-gallery-d4STuZdD\" data-rl_title=\"\" data-rl_caption=\"\" title=\"\"><img loading=\"lazy\" decoding=\"async\" class=\"aligncenter size-large wp-image-1577\" alt=\"007\" src=\"https:\/\/www.azelot.fr\/wp-content\/uploads\/2013\/11\/007-1024x723.jpg\" width=\"630\" height=\"444\" srcset=\"https:\/\/www.azelot.fr\/wp-content\/uploads\/2013\/11\/007-1024x723.jpg 1024w, https:\/\/www.azelot.fr\/wp-content\/uploads\/2013\/11\/007-300x212.jpg 300w\" sizes=\"auto, (max-width: 630px) 100vw, 630px\" \/><\/a><\/p>\n<p>La nombreuse assistance a \u00e9t\u00e9 ensuite invit\u00e9e\u00a0\u00e0 se retrouver \u00e0 la salle communale pour le pot de l&rsquo;amiti\u00e9.<\/p>\n","protected":false},"excerpt":{"rendered":"<p>Un temps froid et humide, mais 70 personnes se sont rassembl\u00e9es autour du \u00a0monument aux morts de la commune. &nbsp;<\/p>\n","protected":false},"author":4,"featured_media":0,"comment_status":"open","ping_status":"open","sticky":false,"template":"","format":"standard","meta":{"activitypub_content_warning":"","activitypub_content_visibility":"","activitypub_max_image_attachments":4,"activitypub_interaction_policy_quote":"","activitypub_status":"","footnotes":""},"categories":[4],"tags":[98,142,143],"class_list":["post-1571","post","type-post","status-publish","format-standard","hentry","category-mairie","tag-11-novembre","tag-ceremonie","tag-memoire"],"_links":{"self":[{"href":"https:\/\/www.azelot.fr\/index.php?rest_route=\/wp\/v2\/posts\/1571","targetHints":{"allow":["GET"]}}],"collection":[{"href":"https:\/\/www.azelot.fr\/index.php?rest_route=\/wp\/v2\/posts"}],"about":[{"href":"https:\/\/www.azelot.fr\/index.php?rest_route=\/wp\/v2\/types\/post"}],"author":[{"embeddable":true,"href":"https:\/\/www.azelot.fr\/index.php?rest_route=\/wp\/v2\/users\/4"}],"replies":[{"embeddable":true,"href":"https:\/\/www.azelot.fr\/index.php?rest_route=%2Fwp%2Fv2%2Fcomments&post=1571"}],"version-history":[{"count":3,"href":"https:\/\/www.azelot.fr\/index.php?rest_route=\/wp\/v2\/posts\/1571\/revisions"}],"predecessor-version":[{"id":1578,"href":"https:\/\/www.azelot.fr\/index.php?rest_route=\/wp\/v2\/posts\/1571\/revisions\/1578"}],"wp:attachment":[{"href":"https:\/\/www.azelot.fr\/index.php?rest_route=%2Fwp%2Fv2%2Fmedia&parent=1571"}],"wp:term":[{"taxonomy":"category","embeddable":true,"href":"https:\/\/www.azelot.fr\/index.php?rest_route=%2Fwp%2Fv2%2Fcategories&post=1571"},{"taxonomy":"post_tag","embeddable":true,"href":"https:\/\/www.azelot.fr\/index.php?rest_route=%2Fwp%2Fv2%2Ftags&post=1571"}],"curies":[{"name":"wp","href":"https:\/\/api.w.org\/{rel}","templated":true}]}}