{"id":1534,"date":"2013-10-12T16:35:26","date_gmt":"2013-10-12T14:35:26","guid":{"rendered":"http:\/\/www.azelot.fr\/?p=1534"},"modified":"2013-10-16T15:28:51","modified_gmt":"2013-10-16T13:28:51","slug":"accueil-des-nouveaux-habitants","status":"publish","type":"post","link":"https:\/\/www.azelot.fr\/?p=1534","title":{"rendered":"Accueil des nouveaux habitants"},"content":{"rendered":"<p>La Commune et le Foyer rural ont re\u00e7u autour d&rsquo;un pot de l&rsquo;amiti\u00e9 les nouveaux habitants.<\/p>\n<p>Chacun a\u00a0commenc\u00e9 par\u00a0se pr\u00e9senter aux participants.<br \/>\nJean-Claude Pissenem, a fait une pr\u00e9sentation de la philosophie dans laquelle est g\u00e9r\u00e9e la commune depuis plusieurs mandats\u00a0et la volont\u00e9 des \u00e9lus pr\u00e9sents de favoriser la rencontre et le dialogue.<\/p>\n<p style=\"text-align: center;\"><a href=\"https:\/\/www.azelot.fr\/wp-content\/uploads\/2013\/10\/002.jpg\" data-rel=\"lightbox-gallery-TZkpVqVX\" data-rl_title=\"\" data-rl_caption=\"\" title=\"\"><img loading=\"lazy\" decoding=\"async\" class=\"aligncenter size-large wp-image-1543\" alt=\"002\" src=\"https:\/\/www.azelot.fr\/wp-content\/uploads\/2013\/10\/002-1024x683.jpg\" width=\"630\" height=\"420\" srcset=\"https:\/\/www.azelot.fr\/wp-content\/uploads\/2013\/10\/002-1024x683.jpg 1024w, https:\/\/www.azelot.fr\/wp-content\/uploads\/2013\/10\/002-300x200.jpg 300w, https:\/\/www.azelot.fr\/wp-content\/uploads\/2013\/10\/002.jpg 1916w\" sizes=\"auto, (max-width: 630px) 100vw, 630px\" \/><\/a><\/p>\n<p><!--more--><\/p>\n<p style=\"text-align: center;\"><a href=\"https:\/\/www.azelot.fr\/wp-content\/uploads\/2013\/10\/007.jpg\" data-rel=\"lightbox-gallery-TZkpVqVX\" data-rl_title=\"\" data-rl_caption=\"\" title=\"\"><img loading=\"lazy\" decoding=\"async\" class=\"aligncenter size-large wp-image-1545\" alt=\"007\" src=\"https:\/\/www.azelot.fr\/wp-content\/uploads\/2013\/10\/007-1024x682.jpg\" width=\"630\" height=\"419\" srcset=\"https:\/\/www.azelot.fr\/wp-content\/uploads\/2013\/10\/007-1024x682.jpg 1024w, https:\/\/www.azelot.fr\/wp-content\/uploads\/2013\/10\/007-300x199.jpg 300w\" sizes=\"auto, (max-width: 630px) 100vw, 630px\" \/><\/a><\/p>\n<p>Michal Ch\u00e2tre, pr\u00e9sident du Foyer rural a list\u00e9 les activit\u00e9s hebdomadaires qui animent la vie du village et les \u00e9v\u00e9nements exceptionnels comme le bal populaire du 14 juillet ou le Salon des Vignerons. Il a insist\u00e9 sur l&rsquo;importance de ne pas h\u00e9siter \u00e0 donner des id\u00e9es et de participer \u00e0 ces activit\u00e9s qui ne s&rsquo;adressent pas qu&rsquo;aux habitants de la commune.<br \/>\nIl a rappel\u00e9 que la prochaine A.G du Foyer rural aurait lieu le vendredi 25 octobre.<\/p>\n<p>Le verre de l&rsquo;amiti\u00e9 a permis a chacun de poursuivre les \u00e9changes.<\/p>\n<p>&nbsp;<\/p>\n<p style=\"text-align: center;\"><a href=\"https:\/\/www.azelot.fr\/wp-content\/uploads\/2013\/10\/016.jpg\" data-rel=\"lightbox-gallery-TZkpVqVX\" data-rl_title=\"\" data-rl_caption=\"\" title=\"\"><img loading=\"lazy\" decoding=\"async\" class=\"aligncenter size-large wp-image-1544\" alt=\"016\" src=\"https:\/\/www.azelot.fr\/wp-content\/uploads\/2013\/10\/016-1024x682.jpg\" width=\"630\" height=\"419\" srcset=\"https:\/\/www.azelot.fr\/wp-content\/uploads\/2013\/10\/016-1024x682.jpg 1024w, https:\/\/www.azelot.fr\/wp-content\/uploads\/2013\/10\/016-300x199.jpg 300w\" sizes=\"auto, (max-width: 630px) 100vw, 630px\" \/><\/a><\/p>\n<p style=\"text-align: center;\">\n\n\t\t<style type=\"text\/css\">\n\t\t\t#gallery-1 {\n\t\t\t\tmargin: auto;\n\t\t\t}\n\t\t\t#gallery-1 .gallery-item {\n\t\t\t\tfloat: left;\n\t\t\t\tmargin-top: 10px;\n\t\t\t\ttext-align: center;\n\t\t\t\twidth: 33%;\n\t\t\t}\n\t\t\t#gallery-1 img {\n\t\t\t\tborder: 2px solid #cfcfcf;\n\t\t\t}\n\t\t\t#gallery-1 .gallery-caption {\n\t\t\t\tmargin-left: 0;\n\t\t\t}\n\t\t\t\/* see gallery_shortcode() in wp-includes\/media.php *\/\n\t\t<\/style>\n\t\t<div id='gallery-1' class='gallery galleryid-1534 gallery-columns-3 gallery-size-thumbnail'><dl class='gallery-item'>\n\t\t\t<dt class='gallery-icon landscape'>\n\t\t\t\t<a href='https:\/\/www.azelot.fr\/wp-content\/uploads\/2013\/10\/014.jpg' title=\"\" data-rl_title=\"\" class=\"rl-gallery-link\" data-rl_caption=\"\" data-rel=\"lightbox-gallery-1\"><img loading=\"lazy\" decoding=\"async\" width=\"150\" height=\"150\" src=\"https:\/\/www.azelot.fr\/wp-content\/uploads\/2013\/10\/014-150x150.jpg\" class=\"attachment-thumbnail size-thumbnail\" alt=\"\" \/><\/a>\n\t\t\t<\/dt><\/dl><dl class='gallery-item'>\n\t\t\t<dt class='gallery-icon portrait'>\n\t\t\t\t<a href='https:\/\/www.azelot.fr\/wp-content\/uploads\/2013\/10\/013.jpg' title=\"\" data-rl_title=\"\" class=\"rl-gallery-link\" data-rl_caption=\"\" data-rel=\"lightbox-gallery-1\"><img loading=\"lazy\" decoding=\"async\" width=\"150\" height=\"150\" src=\"https:\/\/www.azelot.fr\/wp-content\/uploads\/2013\/10\/013-150x150.jpg\" class=\"attachment-thumbnail size-thumbnail\" alt=\"\" \/><\/a>\n\t\t\t<\/dt><\/dl><dl class='gallery-item'>\n\t\t\t<dt class='gallery-icon landscape'>\n\t\t\t\t<a href='https:\/\/www.azelot.fr\/wp-content\/uploads\/2013\/10\/012.jpg' title=\"\" data-rl_title=\"\" class=\"rl-gallery-link\" data-rl_caption=\"\" data-rel=\"lightbox-gallery-1\"><img loading=\"lazy\" decoding=\"async\" width=\"150\" height=\"150\" src=\"https:\/\/www.azelot.fr\/wp-content\/uploads\/2013\/10\/012-150x150.jpg\" class=\"attachment-thumbnail size-thumbnail\" alt=\"\" \/><\/a>\n\t\t\t<\/dt><\/dl><br style=\"clear: both\" \/><dl class='gallery-item'>\n\t\t\t<dt class='gallery-icon landscape'>\n\t\t\t\t<a href='https:\/\/www.azelot.fr\/wp-content\/uploads\/2013\/10\/009.jpg' title=\"\" data-rl_title=\"\" class=\"rl-gallery-link\" data-rl_caption=\"\" data-rel=\"lightbox-gallery-1\"><img loading=\"lazy\" decoding=\"async\" width=\"150\" height=\"150\" src=\"https:\/\/www.azelot.fr\/wp-content\/uploads\/2013\/10\/009-150x150.jpg\" class=\"attachment-thumbnail size-thumbnail\" alt=\"\" \/><\/a>\n\t\t\t<\/dt><\/dl><dl class='gallery-item'>\n\t\t\t<dt class='gallery-icon landscape'>\n\t\t\t\t<a href='https:\/\/www.azelot.fr\/wp-content\/uploads\/2013\/10\/005.jpg' title=\"\" data-rl_title=\"\" class=\"rl-gallery-link\" data-rl_caption=\"\" data-rel=\"lightbox-gallery-1\"><img loading=\"lazy\" decoding=\"async\" width=\"150\" height=\"150\" src=\"https:\/\/www.azelot.fr\/wp-content\/uploads\/2013\/10\/005-150x150.jpg\" class=\"attachment-thumbnail size-thumbnail\" alt=\"\" \/><\/a>\n\t\t\t<\/dt><\/dl><dl class='gallery-item'>\n\t\t\t<dt class='gallery-icon landscape'>\n\t\t\t\t<a href='https:\/\/www.azelot.fr\/wp-content\/uploads\/2013\/10\/004.jpg' title=\"\" data-rl_title=\"\" class=\"rl-gallery-link\" data-rl_caption=\"\" data-rel=\"lightbox-gallery-1\"><img loading=\"lazy\" decoding=\"async\" width=\"150\" height=\"150\" src=\"https:\/\/www.azelot.fr\/wp-content\/uploads\/2013\/10\/004-150x150.jpg\" class=\"attachment-thumbnail size-thumbnail\" alt=\"\" \/><\/a>\n\t\t\t<\/dt><\/dl><br style=\"clear: both\" \/>\n\t\t<\/div>\n\n","protected":false},"excerpt":{"rendered":"<p>La Commune et le Foyer rural ont re\u00e7u autour d&rsquo;un pot de l&rsquo;amiti\u00e9 les nouveaux habitants. Chacun a\u00a0commenc\u00e9 par\u00a0se pr\u00e9senter aux participants. Jean-Claude Pissenem, a fait une pr\u00e9sentation de la philosophie dans laquelle est g\u00e9r\u00e9e la commune depuis plusieurs mandats\u00a0et&#8230;<br \/><a class=\"read-more-button\" href=\"https:\/\/www.azelot.fr\/?p=1534\">Savoir plus<\/a><\/p>\n","protected":false},"author":4,"featured_media":0,"comment_status":"open","ping_status":"open","sticky":false,"template":"","format":"standard","meta":{"activitypub_content_warning":"","activitypub_content_visibility":"","activitypub_max_image_attachments":4,"activitypub_interaction_policy_quote":"","activitypub_status":"","footnotes":""},"categories":[4],"tags":[103,141],"class_list":["post-1534","post","type-post","status-publish","format-standard","hentry","category-mairie","tag-azelot","tag-habitant"],"_links":{"self":[{"href":"https:\/\/www.azelot.fr\/index.php?rest_route=\/wp\/v2\/posts\/1534","targetHints":{"allow":["GET"]}}],"collection":[{"href":"https:\/\/www.azelot.fr\/index.php?rest_route=\/wp\/v2\/posts"}],"about":[{"href":"https:\/\/www.azelot.fr\/index.php?rest_route=\/wp\/v2\/types\/post"}],"author":[{"embeddable":true,"href":"https:\/\/www.azelot.fr\/index.php?rest_route=\/wp\/v2\/users\/4"}],"replies":[{"embeddable":true,"href":"https:\/\/www.azelot.fr\/index.php?rest_route=%2Fwp%2Fv2%2Fcomments&post=1534"}],"version-history":[{"count":4,"href":"https:\/\/www.azelot.fr\/index.php?rest_route=\/wp\/v2\/posts\/1534\/revisions"}],"predecessor-version":[{"id":1553,"href":"https:\/\/www.azelot.fr\/index.php?rest_route=\/wp\/v2\/posts\/1534\/revisions\/1553"}],"wp:attachment":[{"href":"https:\/\/www.azelot.fr\/index.php?rest_route=%2Fwp%2Fv2%2Fmedia&parent=1534"}],"wp:term":[{"taxonomy":"category","embeddable":true,"href":"https:\/\/www.azelot.fr\/index.php?rest_route=%2Fwp%2Fv2%2Fcategories&post=1534"},{"taxonomy":"post_tag","embeddable":true,"href":"https:\/\/www.azelot.fr\/index.php?rest_route=%2Fwp%2Fv2%2Ftags&post=1534"}],"curies":[{"name":"wp","href":"https:\/\/api.w.org\/{rel}","templated":true}]}}