{"id":1514,"date":"2013-09-04T14:41:32","date_gmt":"2013-09-04T12:41:32","guid":{"rendered":"http:\/\/www.azelot.fr\/?p=1514"},"modified":"2013-09-04T14:41:32","modified_gmt":"2013-09-04T12:41:32","slug":"la-rentree-du-club-des-degustateurs-oenophiles","status":"publish","type":"post","link":"https:\/\/www.azelot.fr\/?p=1514","title":{"rendered":"La rentr\u00e9e du Club des D\u00e9gustateurs Oenophiles"},"content":{"rendered":"<h2 style=\"text-align: center;\">S\u00e9ance de rentr\u00e9e le vendredi 27 septembre 2013 \u00e0 20 h 30, salle polyvalente<\/h2>\n<p style=\"text-align: center;\">\n<p style=\"text-align: center;\"><span style=\"color: #000000;\"><strong><span style=\"text-decoration: underline;\">Ordre du jour<\/span><\/strong><\/span><\/p>\n<p style=\"text-align: center;\"><span style=\"color: #000000;\">Inscriptions<\/span><\/p>\n<p style=\"text-align: center;\">Montant des cotisations<\/p>\n<p style=\"text-align: center;\">Calendrier<\/p>\n<p style=\"text-align: center;\">9i\u00e8me Salon des Vignerons les 7 &amp; 8 d\u00e9cembre 2013<\/p>\n<p style=\"text-align: center;\"><strong>Premi\u00e8re S\u00e9ance de D\u00e9gustation de la saison 2013\/2014<\/strong><\/p>\n<p style=\"text-align: left;\">\n<p style=\"text-align: left;\">Les habitants d&rsquo;Azelot (et les autres), amateurs de vins de qualit\u00e9, sont cordialement invit\u00e9s \u00e0 participer \u00e0 cette s\u00e9ance de rentr\u00e9e, sans engagement, juste pour voir.<\/p>\n<p style=\"text-align: left;\">\n<p style=\"text-align: left;\">Le groupe n&rsquo;est pas fig\u00e9 ; pourtant, certains peuvent h\u00e9siter \u00e0 venir. Merci d&rsquo;en parler \u00e0 vos voisins, \u00e0 vos amis.<\/p>\n<p style=\"text-align: left;\">\n<p style=\"text-align: left;\">A bient\u00f4t<\/p>\n","protected":false},"excerpt":{"rendered":"<p>S\u00e9ance de rentr\u00e9e le vendredi 27 septembre 2013 \u00e0 20 h 30, salle polyvalente Ordre du jour Inscriptions Montant des cotisations Calendrier 9i\u00e8me Salon des Vignerons les 7 &amp; 8 d\u00e9cembre 2013 Premi\u00e8re S\u00e9ance de D\u00e9gustation de la saison 2013\/2014&#8230;<br \/><a class=\"read-more-button\" href=\"https:\/\/www.azelot.fr\/?p=1514\">Savoir plus<\/a><\/p>\n","protected":false},"author":2,"featured_media":0,"comment_status":"open","ping_status":"open","sticky":false,"template":"","format":"standard","meta":{"activitypub_content_warning":"","activitypub_content_visibility":"","activitypub_max_image_attachments":4,"activitypub_interaction_policy_quote":"","activitypub_status":"","footnotes":""},"categories":[5],"tags":[],"class_list":["post-1514","post","type-post","status-publish","format-standard","hentry","category-foyer-rural"],"_links":{"self":[{"href":"https:\/\/www.azelot.fr\/index.php?rest_route=\/wp\/v2\/posts\/1514","targetHints":{"allow":["GET"]}}],"collection":[{"href":"https:\/\/www.azelot.fr\/index.php?rest_route=\/wp\/v2\/posts"}],"about":[{"href":"https:\/\/www.azelot.fr\/index.php?rest_route=\/wp\/v2\/types\/post"}],"author":[{"embeddable":true,"href":"https:\/\/www.azelot.fr\/index.php?rest_route=\/wp\/v2\/users\/2"}],"replies":[{"embeddable":true,"href":"https:\/\/www.azelot.fr\/index.php?rest_route=%2Fwp%2Fv2%2Fcomments&post=1514"}],"version-history":[{"count":1,"href":"https:\/\/www.azelot.fr\/index.php?rest_route=\/wp\/v2\/posts\/1514\/revisions"}],"predecessor-version":[{"id":1515,"href":"https:\/\/www.azelot.fr\/index.php?rest_route=\/wp\/v2\/posts\/1514\/revisions\/1515"}],"wp:attachment":[{"href":"https:\/\/www.azelot.fr\/index.php?rest_route=%2Fwp%2Fv2%2Fmedia&parent=1514"}],"wp:term":[{"taxonomy":"category","embeddable":true,"href":"https:\/\/www.azelot.fr\/index.php?rest_route=%2Fwp%2Fv2%2Fcategories&post=1514"},{"taxonomy":"post_tag","embeddable":true,"href":"https:\/\/www.azelot.fr\/index.php?rest_route=%2Fwp%2Fv2%2Ftags&post=1514"}],"curies":[{"name":"wp","href":"https:\/\/api.w.org\/{rel}","templated":true}]}}