{"id":1446,"date":"2013-08-29T21:02:24","date_gmt":"2013-08-29T19:02:24","guid":{"rendered":"http:\/\/www.azelot.fr\/?p=1446"},"modified":"2013-08-29T21:02:24","modified_gmt":"2013-08-29T19:02:24","slug":"la-reprise-du-marche-des-saisons","status":"publish","type":"post","link":"https:\/\/www.azelot.fr\/?p=1446","title":{"rendered":"La reprise du March\u00e9 des Saisons"},"content":{"rendered":"<p>Le march\u00e9 sous la halle d&rsquo;Azelot fait sa rentr\u00e9e le mercredi 4 septembre de 17h00 \u00e0 19h00.<\/p>\n<p>Voici le calendrier 2013 \u00e0 afficher bien en vue chez vous.<\/p>\n<p><a href=\"https:\/\/www.azelot.fr\/wp-content\/uploads\/2013\/08\/tract-septembre.jpg\" data-rel=\"lightbox-gallery-2MLAc2VQ\" data-rl_title=\"\" data-rl_caption=\"\" title=\"\"><img loading=\"lazy\" decoding=\"async\" class=\"aligncenter size-large wp-image-1447\" alt=\"tract septembre\" src=\"https:\/\/www.azelot.fr\/wp-content\/uploads\/2013\/08\/tract-septembre-744x1024.jpg\" width=\"630\" height=\"867\" srcset=\"https:\/\/www.azelot.fr\/wp-content\/uploads\/2013\/08\/tract-septembre-744x1024.jpg 744w, https:\/\/www.azelot.fr\/wp-content\/uploads\/2013\/08\/tract-septembre-218x300.jpg 218w, https:\/\/www.azelot.fr\/wp-content\/uploads\/2013\/08\/tract-septembre.jpg 1700w\" sizes=\"auto, (max-width: 630px) 100vw, 630px\" \/><\/a><\/p>\n","protected":false},"excerpt":{"rendered":"<p>Le march\u00e9 sous la halle d&rsquo;Azelot fait sa rentr\u00e9e le mercredi 4 septembre de 17h00 \u00e0 19h00. Voici le calendrier 2013 \u00e0 afficher bien en vue chez vous.<\/p>\n","protected":false},"author":2,"featured_media":0,"comment_status":"open","ping_status":"open","sticky":false,"template":"","format":"standard","meta":{"activitypub_content_warning":"","activitypub_content_visibility":"","activitypub_max_image_attachments":4,"activitypub_interaction_policy_quote":"","activitypub_status":"","footnotes":""},"categories":[5,4],"tags":[],"class_list":["post-1446","post","type-post","status-publish","format-standard","hentry","category-foyer-rural","category-mairie"],"_links":{"self":[{"href":"https:\/\/www.azelot.fr\/index.php?rest_route=\/wp\/v2\/posts\/1446","targetHints":{"allow":["GET"]}}],"collection":[{"href":"https:\/\/www.azelot.fr\/index.php?rest_route=\/wp\/v2\/posts"}],"about":[{"href":"https:\/\/www.azelot.fr\/index.php?rest_route=\/wp\/v2\/types\/post"}],"author":[{"embeddable":true,"href":"https:\/\/www.azelot.fr\/index.php?rest_route=\/wp\/v2\/users\/2"}],"replies":[{"embeddable":true,"href":"https:\/\/www.azelot.fr\/index.php?rest_route=%2Fwp%2Fv2%2Fcomments&post=1446"}],"version-history":[{"count":1,"href":"https:\/\/www.azelot.fr\/index.php?rest_route=\/wp\/v2\/posts\/1446\/revisions"}],"predecessor-version":[{"id":1448,"href":"https:\/\/www.azelot.fr\/index.php?rest_route=\/wp\/v2\/posts\/1446\/revisions\/1448"}],"wp:attachment":[{"href":"https:\/\/www.azelot.fr\/index.php?rest_route=%2Fwp%2Fv2%2Fmedia&parent=1446"}],"wp:term":[{"taxonomy":"category","embeddable":true,"href":"https:\/\/www.azelot.fr\/index.php?rest_route=%2Fwp%2Fv2%2Fcategories&post=1446"},{"taxonomy":"post_tag","embeddable":true,"href":"https:\/\/www.azelot.fr\/index.php?rest_route=%2Fwp%2Fv2%2Ftags&post=1446"}],"curies":[{"name":"wp","href":"https:\/\/api.w.org\/{rel}","templated":true}]}}