{"id":130,"date":"2011-06-15T16:12:41","date_gmt":"2011-06-15T14:12:41","guid":{"rendered":"http:\/\/test.azelot.fr\/?p=130"},"modified":"2012-04-24T13:19:37","modified_gmt":"2012-04-24T11:19:37","slug":"130","status":"publish","type":"post","link":"https:\/\/www.azelot.fr\/?p=130","title":{"rendered":"Annonce : Bal du 13 juillet"},"content":{"rendered":"<p style=\"text-align: center;\"><span style=\"text-decoration: underline;\"><em><strong>MERCREDI 13 JUILLET 2011 D\u00c8S 19 H 00<\/strong><\/em><\/span><\/p>\n<p style=\"text-align: center;\"><strong>POUR LA PREMI\u00c8RE FOIS SOUS LA HALLE DERRI\u00c8RE LA MAIRIE<\/strong><\/p>\n<p style=\"text-align: center;\"><strong>GRANDE SOIR\u00c9E ANIM\u00c9E PAR L&rsquo;ORCHESTRE<\/strong><\/p>\n<p style=\"text-align: center;\"><span style=\"text-decoration: underline;\"><em><strong>CRESCENDO<\/strong><\/em><\/span><\/p>\n<p style=\"text-align: center;\"><!--more--><\/p>\n<p style=\"text-align: center;\"><strong>RESTAURATION<\/strong><\/p>\n<p style=\"text-align: center;\"><strong>5 EUROS L&rsquo;ASSIETTE :<\/strong><\/p>\n<p style=\"text-align: center;\"><strong>2 RAP<strong>\u00c9<\/strong>ES ET<\/strong><\/p>\n<p style=\"text-align: center;\"><strong>1 c\u00f4te de porc ou<\/strong><\/p>\n<p style=\"text-align: center;\"><strong>2 merguez ou<\/strong><\/p>\n<p style=\"text-align: center;\"><strong>2 chipolatas ou<\/strong><\/p>\n<p style=\"text-align: center;\"><strong>2 tranches de lard ou<\/strong><\/p>\n<p style=\"text-align: center;\"><strong>1 saucisse blanche ou<\/strong><\/p>\n<p style=\"text-align: center;\"><strong>1 steak hach\u00e9<\/strong><\/p>\n<p style=\"text-align: center;\"><strong>R\u00e9servation en mairie le samedi 02 juillet entre 10 h et midi<\/strong><\/p>\n<p style=\"text-align: center;\"><strong>Contacts : Marie-Th\u00e9r\u00e8se 03 83 46 50 66<\/strong> <strong>ou Michel 03 83 46 50 03<\/strong><\/p>\n","protected":false},"excerpt":{"rendered":"<p>MERCREDI 13 JUILLET 2011 D\u00c8S 19 H 00 POUR LA PREMI\u00c8RE FOIS SOUS LA HALLE DERRI\u00c8RE LA MAIRIE GRANDE SOIR\u00c9E ANIM\u00c9E PAR L&rsquo;ORCHESTRE CRESCENDO<\/p>\n","protected":false},"author":2,"featured_media":0,"comment_status":"open","ping_status":"open","sticky":false,"template":"","format":"standard","meta":{"activitypub_content_warning":"","activitypub_content_visibility":"","activitypub_max_image_attachments":4,"activitypub_interaction_policy_quote":"","activitypub_status":"","footnotes":""},"categories":[5],"tags":[24,6,23,21,25,26],"class_list":["post-130","post","type-post","status-publish","format-standard","hentry","category-foyer-rural","tag-14-juillet","tag-annonce","tag-bal","tag-musique","tag-orchestre","tag-repas"],"_links":{"self":[{"href":"https:\/\/www.azelot.fr\/index.php?rest_route=\/wp\/v2\/posts\/130","targetHints":{"allow":["GET"]}}],"collection":[{"href":"https:\/\/www.azelot.fr\/index.php?rest_route=\/wp\/v2\/posts"}],"about":[{"href":"https:\/\/www.azelot.fr\/index.php?rest_route=\/wp\/v2\/types\/post"}],"author":[{"embeddable":true,"href":"https:\/\/www.azelot.fr\/index.php?rest_route=\/wp\/v2\/users\/2"}],"replies":[{"embeddable":true,"href":"https:\/\/www.azelot.fr\/index.php?rest_route=%2Fwp%2Fv2%2Fcomments&post=130"}],"version-history":[{"count":3,"href":"https:\/\/www.azelot.fr\/index.php?rest_route=\/wp\/v2\/posts\/130\/revisions"}],"predecessor-version":[{"id":147,"href":"https:\/\/www.azelot.fr\/index.php?rest_route=\/wp\/v2\/posts\/130\/revisions\/147"}],"wp:attachment":[{"href":"https:\/\/www.azelot.fr\/index.php?rest_route=%2Fwp%2Fv2%2Fmedia&parent=130"}],"wp:term":[{"taxonomy":"category","embeddable":true,"href":"https:\/\/www.azelot.fr\/index.php?rest_route=%2Fwp%2Fv2%2Fcategories&post=130"},{"taxonomy":"post_tag","embeddable":true,"href":"https:\/\/www.azelot.fr\/index.php?rest_route=%2Fwp%2Fv2%2Ftags&post=130"}],"curies":[{"name":"wp","href":"https:\/\/api.w.org\/{rel}","templated":true}]}}