{"id":11725,"date":"2026-03-13T09:39:14","date_gmt":"2026-03-13T08:39:14","guid":{"rendered":"https:\/\/www.azelot.fr\/?p=11725"},"modified":"2026-03-13T09:39:14","modified_gmt":"2026-03-13T08:39:14","slug":"elagage-des-arbres-communaux","status":"publish","type":"post","link":"https:\/\/www.azelot.fr\/?p=11725","title":{"rendered":"Elagage des arbres communaux"},"content":{"rendered":"<p>C&rsquo;est fini.<br \/>\nL&rsquo;\u00e9lagage des arbres de la commune a commenc\u00e9 il\u00a0 y a plusieurs semaines. Ceux autour de l&rsquo;\u00e9glise, rue du Cugnot et rue de l&rsquo;\u00e9glise ont \u00e9t\u00e9 taill\u00e9s par C\u00e9dric.<br \/>\nPour les arbres qui longent le terrain de foot et ceux du chemin reliant la rue de la Croisette \u00e0 la rue Edmond Renauld, ainsi que sur la RD 115 et derri\u00e8re et dans le cimeti\u00e8re, l&rsquo;aide durant 3 apr\u00e8s-midis du Maire et d&rsquo;un adjoint n&rsquo;a pas \u00e9t\u00e9 de trop.<br \/>\n<a href=\"https:\/\/www.azelot.fr\/wp-content\/uploads\/2026\/03\/1.jpg\" data-rel=\"lightbox-gallery-ZSyl9dUD\" data-rl_title=\"\" data-rl_caption=\"\" title=\"\"><img loading=\"lazy\" decoding=\"async\" class=\"wp-image-11726 aligncenter\" src=\"https:\/\/www.azelot.fr\/wp-content\/uploads\/2026\/03\/1.jpg\" alt=\"\" width=\"444\" height=\"592\" srcset=\"https:\/\/www.azelot.fr\/wp-content\/uploads\/2026\/03\/1.jpg 1020w, https:\/\/www.azelot.fr\/wp-content\/uploads\/2026\/03\/1-225x300.jpg 225w, https:\/\/www.azelot.fr\/wp-content\/uploads\/2026\/03\/1-768x1024.jpg 768w\" sizes=\"auto, (max-width: 444px) 100vw, 444px\" \/><\/a>Il restait \u00e0 finir par le verger communal et ses 25 arbres fruitiers. Gilbert s&rsquo;est joint \u00e0 nous durant cette belle apr\u00e8s-midi de printemps. Un bon moment convivial !<br \/>\n<a href=\"https:\/\/www.azelot.fr\/wp-content\/uploads\/2026\/03\/2.jpg\" data-rel=\"lightbox-gallery-ZSyl9dUD\" data-rl_title=\"\" data-rl_caption=\"\" title=\"\"><img loading=\"lazy\" decoding=\"async\" class=\"wp-image-11727 aligncenter\" src=\"https:\/\/www.azelot.fr\/wp-content\/uploads\/2026\/03\/2.jpg\" alt=\"\" width=\"750\" height=\"563\" srcset=\"https:\/\/www.azelot.fr\/wp-content\/uploads\/2026\/03\/2.jpg 1020w, https:\/\/www.azelot.fr\/wp-content\/uploads\/2026\/03\/2-300x225.jpg 300w, https:\/\/www.azelot.fr\/wp-content\/uploads\/2026\/03\/2-768x576.jpg 768w\" sizes=\"auto, (max-width: 750px) 100vw, 750px\" \/><\/a><\/p>\n","protected":false},"excerpt":{"rendered":"<p>C&rsquo;est fini. L&rsquo;\u00e9lagage des arbres de la commune a commenc\u00e9 il\u00a0 y a plusieurs semaines. Ceux autour de l&rsquo;\u00e9glise, rue du Cugnot et rue de l&rsquo;\u00e9glise ont \u00e9t\u00e9 taill\u00e9s par C\u00e9dric. Pour les arbres qui longent le terrain de foot&#8230;<br \/><a class=\"read-more-button\" href=\"https:\/\/www.azelot.fr\/?p=11725\">Savoir plus<\/a><\/p>\n","protected":false},"author":4,"featured_media":0,"comment_status":"open","ping_status":"open","sticky":false,"template":"","format":"standard","meta":{"activitypub_content_warning":"","activitypub_content_visibility":"","activitypub_max_image_attachments":4,"activitypub_interaction_policy_quote":"","activitypub_status":"federated","footnotes":""},"categories":[4],"tags":[],"class_list":["post-11725","post","type-post","status-publish","format-standard","hentry","category-mairie"],"_links":{"self":[{"href":"https:\/\/www.azelot.fr\/index.php?rest_route=\/wp\/v2\/posts\/11725","targetHints":{"allow":["GET"]}}],"collection":[{"href":"https:\/\/www.azelot.fr\/index.php?rest_route=\/wp\/v2\/posts"}],"about":[{"href":"https:\/\/www.azelot.fr\/index.php?rest_route=\/wp\/v2\/types\/post"}],"author":[{"embeddable":true,"href":"https:\/\/www.azelot.fr\/index.php?rest_route=\/wp\/v2\/users\/4"}],"replies":[{"embeddable":true,"href":"https:\/\/www.azelot.fr\/index.php?rest_route=%2Fwp%2Fv2%2Fcomments&post=11725"}],"version-history":[{"count":1,"href":"https:\/\/www.azelot.fr\/index.php?rest_route=\/wp\/v2\/posts\/11725\/revisions"}],"predecessor-version":[{"id":11728,"href":"https:\/\/www.azelot.fr\/index.php?rest_route=\/wp\/v2\/posts\/11725\/revisions\/11728"}],"wp:attachment":[{"href":"https:\/\/www.azelot.fr\/index.php?rest_route=%2Fwp%2Fv2%2Fmedia&parent=11725"}],"wp:term":[{"taxonomy":"category","embeddable":true,"href":"https:\/\/www.azelot.fr\/index.php?rest_route=%2Fwp%2Fv2%2Fcategories&post=11725"},{"taxonomy":"post_tag","embeddable":true,"href":"https:\/\/www.azelot.fr\/index.php?rest_route=%2Fwp%2Fv2%2Ftags&post=11725"}],"curies":[{"name":"wp","href":"https:\/\/api.w.org\/{rel}","templated":true}]}}