{"id":11635,"date":"2026-01-24T15:25:06","date_gmt":"2026-01-24T14:25:06","guid":{"rendered":"https:\/\/www.azelot.fr\/?p=11635"},"modified":"2026-01-24T15:25:06","modified_gmt":"2026-01-24T14:25:06","slug":"un-magnifique-au-revoir-a-livio","status":"publish","type":"post","link":"https:\/\/www.azelot.fr\/?p=11635","title":{"rendered":"Un magnifique au revoir \u00e0 Livio"},"content":{"rendered":"<p>C&rsquo;est une cinquantaine de personnes du village qui s&rsquo;est rassembl\u00e9e sur la place devant la Mairie ce samedi 24 janvier \u00e0 11h30.<br \/>\nCe moment officieux et la\u00efc a permis de vivre un temps d&rsquo;\u00e9motion partag\u00e9.<\/p>\n<p><a href=\"https:\/\/www.azelot.fr\/wp-content\/uploads\/2026\/01\/Livio-1.jpg\" data-rel=\"lightbox-gallery-NioBvTpU\" data-rl_title=\"\" data-rl_caption=\"\" title=\"\"><img loading=\"lazy\" decoding=\"async\" class=\"alignnone size-full wp-image-11636\" src=\"https:\/\/www.azelot.fr\/wp-content\/uploads\/2026\/01\/Livio-1.jpg\" alt=\"\" width=\"1040\" height=\"780\" srcset=\"https:\/\/www.azelot.fr\/wp-content\/uploads\/2026\/01\/Livio-1.jpg 1040w, https:\/\/www.azelot.fr\/wp-content\/uploads\/2026\/01\/Livio-1-300x225.jpg 300w, https:\/\/www.azelot.fr\/wp-content\/uploads\/2026\/01\/Livio-1-1024x768.jpg 1024w, https:\/\/www.azelot.fr\/wp-content\/uploads\/2026\/01\/Livio-1-768x576.jpg 768w\" sizes=\"auto, (max-width: 1040px) 100vw, 1040px\" \/><\/a><\/p>\n<p>Il y a un mois Livio LAVECCHIA, notre employ\u00e9 communal pendant pr\u00e8s de 30 ans, nous quittait apr\u00e8s une longue maladie.<br \/>\nUn employ\u00e9 tr\u00e8s sensible, qui aimait le village dans lequel il s&rsquo;est beaucoup investi. Le travail \u00e9tait vraiment pour lui un temps d&rsquo;\u00e9mancipation et de rencontres. Connu de tous dans le village, il aimait discuter et \u00e9changer avec tous et chacun.<\/p>\n<p><a href=\"https:\/\/www.azelot.fr\/wp-content\/uploads\/2026\/01\/Livio-2.jpg\" data-rel=\"lightbox-gallery-NioBvTpU\" data-rl_title=\"\" data-rl_caption=\"\" title=\"\"><img loading=\"lazy\" decoding=\"async\" class=\"alignnone size-full wp-image-11637\" src=\"https:\/\/www.azelot.fr\/wp-content\/uploads\/2026\/01\/Livio-2.jpg\" alt=\"\" width=\"1040\" height=\"780\" srcset=\"https:\/\/www.azelot.fr\/wp-content\/uploads\/2026\/01\/Livio-2.jpg 1040w, https:\/\/www.azelot.fr\/wp-content\/uploads\/2026\/01\/Livio-2-300x225.jpg 300w, https:\/\/www.azelot.fr\/wp-content\/uploads\/2026\/01\/Livio-2-1024x768.jpg 1024w, https:\/\/www.azelot.fr\/wp-content\/uploads\/2026\/01\/Livio-2-768x576.jpg 768w\" sizes=\"auto, (max-width: 1040px) 100vw, 1040px\" \/><\/a><\/p>\n<p>C&rsquo;est avec de longs applaudissements que nous avons dit au revoir \u00e0 Livio.<\/p>\n<p><a href=\"https:\/\/www.azelot.fr\/wp-content\/uploads\/2026\/01\/Livio-3.jpg\" data-rel=\"lightbox-gallery-NioBvTpU\" data-rl_title=\"\" data-rl_caption=\"\" title=\"\"><img loading=\"lazy\" decoding=\"async\" class=\"alignnone size-full wp-image-11638\" src=\"https:\/\/www.azelot.fr\/wp-content\/uploads\/2026\/01\/Livio-3.jpg\" alt=\"\" width=\"1020\" height=\"1360\" srcset=\"https:\/\/www.azelot.fr\/wp-content\/uploads\/2026\/01\/Livio-3.jpg 1020w, https:\/\/www.azelot.fr\/wp-content\/uploads\/2026\/01\/Livio-3-225x300.jpg 225w, https:\/\/www.azelot.fr\/wp-content\/uploads\/2026\/01\/Livio-3-768x1024.jpg 768w\" sizes=\"auto, (max-width: 1020px) 100vw, 1020px\" \/><\/a><\/p>\n<p>&nbsp;<\/p>\n","protected":false},"excerpt":{"rendered":"<p>C&rsquo;est une cinquantaine de personnes du village qui s&rsquo;est rassembl\u00e9e sur la place devant la Mairie ce samedi 24 janvier \u00e0 11h30. Ce moment officieux et la\u00efc a permis de vivre un temps d&rsquo;\u00e9motion partag\u00e9. Il y a un mois&#8230;<br \/><a class=\"read-more-button\" href=\"https:\/\/www.azelot.fr\/?p=11635\">Savoir plus<\/a><\/p>\n","protected":false},"author":4,"featured_media":0,"comment_status":"open","ping_status":"open","sticky":false,"template":"","format":"standard","meta":{"activitypub_content_warning":"","activitypub_content_visibility":"","activitypub_max_image_attachments":4,"activitypub_interaction_policy_quote":"","activitypub_status":"federated","footnotes":""},"categories":[4],"tags":[],"class_list":["post-11635","post","type-post","status-publish","format-standard","hentry","category-mairie"],"_links":{"self":[{"href":"https:\/\/www.azelot.fr\/index.php?rest_route=\/wp\/v2\/posts\/11635","targetHints":{"allow":["GET"]}}],"collection":[{"href":"https:\/\/www.azelot.fr\/index.php?rest_route=\/wp\/v2\/posts"}],"about":[{"href":"https:\/\/www.azelot.fr\/index.php?rest_route=\/wp\/v2\/types\/post"}],"author":[{"embeddable":true,"href":"https:\/\/www.azelot.fr\/index.php?rest_route=\/wp\/v2\/users\/4"}],"replies":[{"embeddable":true,"href":"https:\/\/www.azelot.fr\/index.php?rest_route=%2Fwp%2Fv2%2Fcomments&post=11635"}],"version-history":[{"count":1,"href":"https:\/\/www.azelot.fr\/index.php?rest_route=\/wp\/v2\/posts\/11635\/revisions"}],"predecessor-version":[{"id":11639,"href":"https:\/\/www.azelot.fr\/index.php?rest_route=\/wp\/v2\/posts\/11635\/revisions\/11639"}],"wp:attachment":[{"href":"https:\/\/www.azelot.fr\/index.php?rest_route=%2Fwp%2Fv2%2Fmedia&parent=11635"}],"wp:term":[{"taxonomy":"category","embeddable":true,"href":"https:\/\/www.azelot.fr\/index.php?rest_route=%2Fwp%2Fv2%2Fcategories&post=11635"},{"taxonomy":"post_tag","embeddable":true,"href":"https:\/\/www.azelot.fr\/index.php?rest_route=%2Fwp%2Fv2%2Ftags&post=11635"}],"curies":[{"name":"wp","href":"https:\/\/api.w.org\/{rel}","templated":true}]}}