{"id":11580,"date":"2025-11-21T18:07:59","date_gmt":"2025-11-21T17:07:59","guid":{"rendered":"https:\/\/www.azelot.fr\/?p=11580"},"modified":"2025-11-21T18:09:01","modified_gmt":"2025-11-21T17:09:01","slug":"21eme-salon-des-vignerons-dazelot-13-et-14-decembre-2025-salle-dazelot-10h-a-18h","status":"publish","type":"post","link":"https:\/\/www.azelot.fr\/?p=11580","title":{"rendered":"21\u00e8me Salon des Vignerons d&rsquo;Azelot 13 et 14 d\u00e9cembre 2025, salle d&rsquo;Azelot 10h \u00e0 18h"},"content":{"rendered":"<h1 style=\"text-align: center;\">21\u00e8me Salon des Vignerons d\u2019Azelot<\/h1>\n<p>&nbsp;<\/p>\n<h4>Le 21\u00e8me Salon des Vignerons d\u2019Azelot r\u00e9unira 15 vigneronnes et vignerons venus de toutes les r\u00e9gions viticoles de France.<\/h4>\n<h2 style=\"text-align: center;\"><em>Samedi 13 et dimanche 14 d\u00e9cembre, de 10h \u00e0 18h \u00e0 la salle communale d\u2019Azelot.<\/em><\/h2>\n<p>&nbsp;<\/p>\n<p>La formule du salon et son organisation permettent de vrais \u00e9changes avec les producteurs, heureux d\u2019\u00eatre l\u00e0 et de vous rencontrer.<\/p>\n<p>Les explications et les d\u00e9gustations permettent de choisir les vins, dans une ambiance d\u00e9tendue.<\/p>\n<p>Un verre du salon est disponible \u00e0 l\u2019entr\u00e9e.<\/p>\n<h2 style=\"text-align: center;\"><em>Tr\u00e8s bon salon \u00e0 toutes et \u00e0 tous.<\/em><\/h2>\n<p><a href=\"https:\/\/www.azelot.fr\/wp-content\/uploads\/2025\/11\/Cartoline-2025.jpg\" data-rel=\"lightbox-gallery-JikuJXbP\" data-rl_title=\"\" data-rl_caption=\"\" title=\"\"><img loading=\"lazy\" decoding=\"async\" class=\"alignnone size-full wp-image-11585\" src=\"https:\/\/www.azelot.fr\/wp-content\/uploads\/2025\/11\/Cartoline-2025.jpg\" alt=\"\" width=\"1235\" height=\"909\" srcset=\"https:\/\/www.azelot.fr\/wp-content\/uploads\/2025\/11\/Cartoline-2025.jpg 1235w, https:\/\/www.azelot.fr\/wp-content\/uploads\/2025\/11\/Cartoline-2025-300x221.jpg 300w, https:\/\/www.azelot.fr\/wp-content\/uploads\/2025\/11\/Cartoline-2025-1024x754.jpg 1024w, https:\/\/www.azelot.fr\/wp-content\/uploads\/2025\/11\/Cartoline-2025-768x565.jpg 768w, https:\/\/www.azelot.fr\/wp-content\/uploads\/2025\/11\/Cartoline-2025-1170x861.jpg 1170w\" sizes=\"auto, (max-width: 1235px) 100vw, 1235px\" \/><\/a><\/p>\n","protected":false},"excerpt":{"rendered":"<p>21\u00e8me Salon des Vignerons d\u2019Azelot &nbsp; Le 21\u00e8me Salon des Vignerons d\u2019Azelot r\u00e9unira 15 vigneronnes et vignerons venus de toutes les r\u00e9gions viticoles de France. Samedi 13 et dimanche 14 d\u00e9cembre, de 10h \u00e0 18h \u00e0 la salle communale d\u2019Azelot&#8230;.<br \/><a class=\"read-more-button\" href=\"https:\/\/www.azelot.fr\/?p=11580\">Savoir plus<\/a><\/p>\n","protected":false},"author":12,"featured_media":0,"comment_status":"open","ping_status":"open","sticky":false,"template":"","format":"standard","meta":{"activitypub_content_warning":"","activitypub_content_visibility":"","activitypub_max_image_attachments":4,"activitypub_interaction_policy_quote":"","activitypub_status":"federated","footnotes":""},"categories":[5],"tags":[],"class_list":["post-11580","post","type-post","status-publish","format-standard","hentry","category-foyer-rural"],"_links":{"self":[{"href":"https:\/\/www.azelot.fr\/index.php?rest_route=\/wp\/v2\/posts\/11580","targetHints":{"allow":["GET"]}}],"collection":[{"href":"https:\/\/www.azelot.fr\/index.php?rest_route=\/wp\/v2\/posts"}],"about":[{"href":"https:\/\/www.azelot.fr\/index.php?rest_route=\/wp\/v2\/types\/post"}],"author":[{"embeddable":true,"href":"https:\/\/www.azelot.fr\/index.php?rest_route=\/wp\/v2\/users\/12"}],"replies":[{"embeddable":true,"href":"https:\/\/www.azelot.fr\/index.php?rest_route=%2Fwp%2Fv2%2Fcomments&post=11580"}],"version-history":[{"count":7,"href":"https:\/\/www.azelot.fr\/index.php?rest_route=\/wp\/v2\/posts\/11580\/revisions"}],"predecessor-version":[{"id":11589,"href":"https:\/\/www.azelot.fr\/index.php?rest_route=\/wp\/v2\/posts\/11580\/revisions\/11589"}],"wp:attachment":[{"href":"https:\/\/www.azelot.fr\/index.php?rest_route=%2Fwp%2Fv2%2Fmedia&parent=11580"}],"wp:term":[{"taxonomy":"category","embeddable":true,"href":"https:\/\/www.azelot.fr\/index.php?rest_route=%2Fwp%2Fv2%2Fcategories&post=11580"},{"taxonomy":"post_tag","embeddable":true,"href":"https:\/\/www.azelot.fr\/index.php?rest_route=%2Fwp%2Fv2%2Ftags&post=11580"}],"curies":[{"name":"wp","href":"https:\/\/api.w.org\/{rel}","templated":true}]}}