{"id":11511,"date":"2025-07-10T08:58:48","date_gmt":"2025-07-10T06:58:48","guid":{"rendered":"https:\/\/www.azelot.fr\/?p=11511"},"modified":"2025-07-10T08:58:48","modified_gmt":"2025-07-10T06:58:48","slug":"alerte-secheresse-2","status":"publish","type":"post","link":"https:\/\/www.azelot.fr\/?p=11511","title":{"rendered":"Alerte s\u00e9cheresse"},"content":{"rendered":"<p><strong>Par arr\u00eat\u00e9 de Mme la Pr\u00e9f\u00e8te de Meurthe-et-Moselle, le d\u00e9partement est plac\u00e9 en <em>alerte s\u00e9cheresse.<\/em><\/strong><br \/>\n<strong>Celui-ci limite ou suspend les utilisation de l&rsquo;eau concernant l&rsquo;ensemble des usagers.<\/strong><br \/>\n<strong>La situation d&rsquo;alerte pr\u00e9voit :<\/strong><br \/>\n<strong>&#8211; l&rsquo;interdiction de lavage des v\u00e9hicules hors des stations de lavage.<\/strong><br \/>\n<strong>&#8211; interdiction de remplissage des piscines priv\u00e9es et publiques<\/strong><br \/>\n<strong>&#8211; l&rsquo;interdiction de nettoyage des espaces ext\u00e9rieurs ( voiries, terrasses, fa\u00e7ades, toitures)<\/strong><br \/>\n<strong>&#8211; interdiction d&rsquo;arrosage des pelouses, jardins et potagers priv\u00e9s de 10h00 \u00e0 18h00<\/strong><\/p>\n","protected":false},"excerpt":{"rendered":"<p>Par arr\u00eat\u00e9 de Mme la Pr\u00e9f\u00e8te de Meurthe-et-Moselle, le d\u00e9partement est plac\u00e9 en alerte s\u00e9cheresse. Celui-ci limite ou suspend les utilisation de l&rsquo;eau concernant l&rsquo;ensemble des usagers. La situation d&rsquo;alerte pr\u00e9voit : &#8211; l&rsquo;interdiction de lavage des v\u00e9hicules hors des&#8230;<br \/><a class=\"read-more-button\" href=\"https:\/\/www.azelot.fr\/?p=11511\">Savoir plus<\/a><\/p>\n","protected":false},"author":4,"featured_media":0,"comment_status":"open","ping_status":"open","sticky":false,"template":"","format":"standard","meta":{"activitypub_content_warning":"","activitypub_content_visibility":"","activitypub_max_image_attachments":4,"activitypub_interaction_policy_quote":"","activitypub_status":"federated","footnotes":""},"categories":[4],"tags":[],"class_list":["post-11511","post","type-post","status-publish","format-standard","hentry","category-mairie"],"_links":{"self":[{"href":"https:\/\/www.azelot.fr\/index.php?rest_route=\/wp\/v2\/posts\/11511","targetHints":{"allow":["GET"]}}],"collection":[{"href":"https:\/\/www.azelot.fr\/index.php?rest_route=\/wp\/v2\/posts"}],"about":[{"href":"https:\/\/www.azelot.fr\/index.php?rest_route=\/wp\/v2\/types\/post"}],"author":[{"embeddable":true,"href":"https:\/\/www.azelot.fr\/index.php?rest_route=\/wp\/v2\/users\/4"}],"replies":[{"embeddable":true,"href":"https:\/\/www.azelot.fr\/index.php?rest_route=%2Fwp%2Fv2%2Fcomments&post=11511"}],"version-history":[{"count":1,"href":"https:\/\/www.azelot.fr\/index.php?rest_route=\/wp\/v2\/posts\/11511\/revisions"}],"predecessor-version":[{"id":11512,"href":"https:\/\/www.azelot.fr\/index.php?rest_route=\/wp\/v2\/posts\/11511\/revisions\/11512"}],"wp:attachment":[{"href":"https:\/\/www.azelot.fr\/index.php?rest_route=%2Fwp%2Fv2%2Fmedia&parent=11511"}],"wp:term":[{"taxonomy":"category","embeddable":true,"href":"https:\/\/www.azelot.fr\/index.php?rest_route=%2Fwp%2Fv2%2Fcategories&post=11511"},{"taxonomy":"post_tag","embeddable":true,"href":"https:\/\/www.azelot.fr\/index.php?rest_route=%2Fwp%2Fv2%2Ftags&post=11511"}],"curies":[{"name":"wp","href":"https:\/\/api.w.org\/{rel}","templated":true}]}}