{"id":11457,"date":"2025-05-18T22:17:28","date_gmt":"2025-05-18T20:17:28","guid":{"rendered":"https:\/\/www.azelot.fr\/?p=11457"},"modified":"2025-06-03T10:06:25","modified_gmt":"2025-06-03T08:06:25","slug":"fleurissement-du-village-une-tradition","status":"publish","type":"post","link":"https:\/\/www.azelot.fr\/?p=11457","title":{"rendered":"Fleurissement du Village. Une tradition."},"content":{"rendered":"<p><strong>Une dizaine de personnes se sont retrouv\u00e9es ce samedi matin \u00e0 9 heures devant les ateliers municipaux. C&rsquo;est une tradition bien ancr\u00e9e \u00e0 Azelot depuis des d\u00e9cennies de voir des \u00e9lus et des b\u00e9n\u00e9voles fleurir le village.<\/strong><\/p>\n<p><a href=\"https:\/\/www.azelot.fr\/wp-content\/uploads\/2025\/05\/P5179665-2-scaled.jpg\" data-rel=\"lightbox-gallery-HizU6BYH\" data-rl_title=\"\" data-rl_caption=\"\" title=\"\"><img loading=\"lazy\" decoding=\"async\" class=\"size-full wp-image-11458\" src=\"https:\/\/www.azelot.fr\/wp-content\/uploads\/2025\/05\/P5179665-2-scaled.jpg\" alt=\"\" width=\"2560\" height=\"2050\" srcset=\"https:\/\/www.azelot.fr\/wp-content\/uploads\/2025\/05\/P5179665-2-scaled.jpg 2560w, https:\/\/www.azelot.fr\/wp-content\/uploads\/2025\/05\/P5179665-2-300x240.jpg 300w, https:\/\/www.azelot.fr\/wp-content\/uploads\/2025\/05\/P5179665-2-1024x820.jpg 1024w, https:\/\/www.azelot.fr\/wp-content\/uploads\/2025\/05\/P5179665-2-768x615.jpg 768w, https:\/\/www.azelot.fr\/wp-content\/uploads\/2025\/05\/P5179665-2-1536x1230.jpg 1536w, https:\/\/www.azelot.fr\/wp-content\/uploads\/2025\/05\/P5179665-2-2048x1640.jpg 2048w, https:\/\/www.azelot.fr\/wp-content\/uploads\/2025\/05\/P5179665-2-1170x937.jpg 1170w\" sizes=\"auto, (max-width: 2560px) 100vw, 2560px\" \/><\/a><\/p>\n<p><strong>Pour tenir compte du changement climatique et donc \u00e9conomiser l&rsquo;eau, le choix, depuis une dizaine d&rsquo;ann\u00e9es, a \u00e9t\u00e9 de diminuer le\u00a0 nombre de plantes annuelles. C&rsquo;est pourquoi ces derni\u00e8res ann\u00e9es de nombreuses vivaces sont venues agr\u00e9menter les massifs.<\/strong><\/p>\n<p><strong>Mais les Zinnia, Ipom\u00e9e, Osteospermum et autres Scaevola viennent \u00e9gayer de leurs couleurs massifs et jardini\u00e8res.<\/strong><\/p>\n<p><a href=\"https:\/\/www.azelot.fr\/wp-content\/uploads\/2025\/05\/P5179662-scaled.jpg\" data-rel=\"lightbox-gallery-HizU6BYH\" data-rl_title=\"\" data-rl_caption=\"\" title=\"\"><img loading=\"lazy\" decoding=\"async\" class=\"size-full wp-image-11459\" src=\"https:\/\/www.azelot.fr\/wp-content\/uploads\/2025\/05\/P5179662-scaled.jpg\" alt=\"\" width=\"2560\" height=\"1920\" srcset=\"https:\/\/www.azelot.fr\/wp-content\/uploads\/2025\/05\/P5179662-scaled.jpg 2560w, https:\/\/www.azelot.fr\/wp-content\/uploads\/2025\/05\/P5179662-300x225.jpg 300w, https:\/\/www.azelot.fr\/wp-content\/uploads\/2025\/05\/P5179662-1024x768.jpg 1024w, https:\/\/www.azelot.fr\/wp-content\/uploads\/2025\/05\/P5179662-768x576.jpg 768w, https:\/\/www.azelot.fr\/wp-content\/uploads\/2025\/05\/P5179662-1536x1152.jpg 1536w, https:\/\/www.azelot.fr\/wp-content\/uploads\/2025\/05\/P5179662-2048x1536.jpg 2048w, https:\/\/www.azelot.fr\/wp-content\/uploads\/2025\/05\/P5179662-1170x878.jpg 1170w\" sizes=\"auto, (max-width: 2560px) 100vw, 2560px\" \/><\/a><\/p>\n<p><strong>Esp\u00e9rons que cette tradition perdure encore longtemps dans notre village, reconnu r\u00e9gionalement par ses 2 fleurs au concours des villes et villages fleuris<\/strong><\/p>\n","protected":false},"excerpt":{"rendered":"<p>Une dizaine de personnes se sont retrouv\u00e9es ce samedi matin \u00e0 9 heures devant les ateliers municipaux. C&rsquo;est une tradition bien ancr\u00e9e \u00e0 Azelot depuis des d\u00e9cennies de voir des \u00e9lus et des b\u00e9n\u00e9voles fleurir le village. Pour tenir compte&#8230;<br \/><a class=\"read-more-button\" href=\"https:\/\/www.azelot.fr\/?p=11457\">Savoir plus<\/a><\/p>\n","protected":false},"author":4,"featured_media":0,"comment_status":"open","ping_status":"open","sticky":false,"template":"","format":"standard","meta":{"activitypub_content_warning":"","activitypub_content_visibility":"","activitypub_max_image_attachments":4,"activitypub_interaction_policy_quote":"","activitypub_status":"federated","footnotes":""},"categories":[4],"tags":[],"class_list":["post-11457","post","type-post","status-publish","format-standard","hentry","category-mairie"],"_links":{"self":[{"href":"https:\/\/www.azelot.fr\/index.php?rest_route=\/wp\/v2\/posts\/11457","targetHints":{"allow":["GET"]}}],"collection":[{"href":"https:\/\/www.azelot.fr\/index.php?rest_route=\/wp\/v2\/posts"}],"about":[{"href":"https:\/\/www.azelot.fr\/index.php?rest_route=\/wp\/v2\/types\/post"}],"author":[{"embeddable":true,"href":"https:\/\/www.azelot.fr\/index.php?rest_route=\/wp\/v2\/users\/4"}],"replies":[{"embeddable":true,"href":"https:\/\/www.azelot.fr\/index.php?rest_route=%2Fwp%2Fv2%2Fcomments&post=11457"}],"version-history":[{"count":2,"href":"https:\/\/www.azelot.fr\/index.php?rest_route=\/wp\/v2\/posts\/11457\/revisions"}],"predecessor-version":[{"id":11467,"href":"https:\/\/www.azelot.fr\/index.php?rest_route=\/wp\/v2\/posts\/11457\/revisions\/11467"}],"wp:attachment":[{"href":"https:\/\/www.azelot.fr\/index.php?rest_route=%2Fwp%2Fv2%2Fmedia&parent=11457"}],"wp:term":[{"taxonomy":"category","embeddable":true,"href":"https:\/\/www.azelot.fr\/index.php?rest_route=%2Fwp%2Fv2%2Fcategories&post=11457"},{"taxonomy":"post_tag","embeddable":true,"href":"https:\/\/www.azelot.fr\/index.php?rest_route=%2Fwp%2Fv2%2Ftags&post=11457"}],"curies":[{"name":"wp","href":"https:\/\/api.w.org\/{rel}","templated":true}]}}