{"id":11213,"date":"2024-01-27T15:21:19","date_gmt":"2024-01-27T14:21:19","guid":{"rendered":"https:\/\/www.azelot.fr\/?p=11213"},"modified":"2024-01-27T15:21:19","modified_gmt":"2024-01-27T14:21:19","slug":"nuit-de-la-lecture-les-mots-a-travers-les-sens","status":"publish","type":"post","link":"https:\/\/www.azelot.fr\/?p=11213","title":{"rendered":"Nuit de la lecture  les mots \u00e0 travers les sens"},"content":{"rendered":"<h2>Ce vendredi 26 f\u00e9vrier de 18 \u00e0 19 h, 22 enfants de 6 \u00e0 13 ans et de tout le secteur se sont retrouv\u00e9s \u00e0 la salle communale pour partager une nouvelle \u00e9dition de la Nuit de la lecture.<\/h2>\n<h2>Cette ann\u00e9e le th\u00e8me \u00e9tait le corps. B\u00e9n\u00e9voles et animateurs avaient d\u00e9cid\u00e9 de proposer diff\u00e9rents ateliers sur les 5 sens. Ils \u00e9taient r\u00e9partis dans les diff\u00e9rentes salles de la mairie mises \u00e0 disposition du foyer rural.<\/h2>\n<h2>Pour d\u00e9marrer de fa\u00e7on zen, tout le groupe a particip\u00e9 \u00e0 une s\u00e9ance de yoga cont\u00e9\u00a0 (un conte indien lu par Didier).<\/h2>\n<p><a href=\"https:\/\/www.azelot.fr\/wp-content\/uploads\/2024\/01\/yoga-conte-scaled.jpg\" data-rel=\"lightbox-gallery-BNHcvNPv\" data-rl_title=\"\" data-rl_caption=\"\" title=\"\"><img loading=\"lazy\" decoding=\"async\" class=\"size-medium wp-image-11214\" src=\"https:\/\/www.azelot.fr\/wp-content\/uploads\/2024\/01\/yoga-conte-300x174.jpg\" alt=\"\" width=\"300\" height=\"174\" srcset=\"https:\/\/www.azelot.fr\/wp-content\/uploads\/2024\/01\/yoga-conte-300x174.jpg 300w, https:\/\/www.azelot.fr\/wp-content\/uploads\/2024\/01\/yoga-conte-1024x592.jpg 1024w, https:\/\/www.azelot.fr\/wp-content\/uploads\/2024\/01\/yoga-conte-768x444.jpg 768w, https:\/\/www.azelot.fr\/wp-content\/uploads\/2024\/01\/yoga-conte-1536x888.jpg 1536w, https:\/\/www.azelot.fr\/wp-content\/uploads\/2024\/01\/yoga-conte-2048x1185.jpg 2048w, https:\/\/www.azelot.fr\/wp-content\/uploads\/2024\/01\/yoga-conte-1170x677.jpg 1170w\" sizes=\"auto, (max-width: 300px) 100vw, 300px\" \/><\/a><\/p>\n<h2>Ensuite r\u00e9partis en 4 groupes les participants ont tourn\u00e9 dans les 4 autres ateliers.<\/h2>\n<p>&nbsp;<\/p>\n<ul>\n<li>\n<h2>avec Marie-Th\u00e9r\u00e8se et son kamishibai<\/h2>\n<\/li>\n<li><a href=\"https:\/\/www.azelot.fr\/wp-content\/uploads\/2024\/01\/histoire-kamishibai.jpg\" data-rel=\"lightbox-gallery-BNHcvNPv\" data-rl_title=\"\" data-rl_caption=\"\" title=\"\"><img loading=\"lazy\" decoding=\"async\" class=\"alignnone size-medium wp-image-11215\" src=\"https:\/\/www.azelot.fr\/wp-content\/uploads\/2024\/01\/histoire-kamishibai-300x225.jpg\" alt=\"\" width=\"300\" height=\"225\" srcset=\"https:\/\/www.azelot.fr\/wp-content\/uploads\/2024\/01\/histoire-kamishibai-300x225.jpg 300w, https:\/\/www.azelot.fr\/wp-content\/uploads\/2024\/01\/histoire-kamishibai-1024x768.jpg 1024w, https:\/\/www.azelot.fr\/wp-content\/uploads\/2024\/01\/histoire-kamishibai-768x576.jpg 768w, https:\/\/www.azelot.fr\/wp-content\/uploads\/2024\/01\/histoire-kamishibai-1536x1152.jpg 1536w, https:\/\/www.azelot.fr\/wp-content\/uploads\/2024\/01\/histoire-kamishibai-1170x878.jpg 1170w, https:\/\/www.azelot.fr\/wp-content\/uploads\/2024\/01\/histoire-kamishibai.jpg 1600w\" sizes=\"auto, (max-width: 300px) 100vw, 300px\" \/><\/a> <a href=\"https:\/\/www.azelot.fr\/wp-content\/uploads\/2024\/01\/kamishibai-scaled.jpg\" data-rel=\"lightbox-gallery-BNHcvNPv\" data-rl_title=\"\" data-rl_caption=\"\" title=\"\"><img loading=\"lazy\" decoding=\"async\" class=\"alignnone size-medium wp-image-11216\" src=\"https:\/\/www.azelot.fr\/wp-content\/uploads\/2024\/01\/kamishibai-300x225.jpg\" alt=\"\" width=\"300\" height=\"225\" srcset=\"https:\/\/www.azelot.fr\/wp-content\/uploads\/2024\/01\/kamishibai-300x225.jpg 300w, https:\/\/www.azelot.fr\/wp-content\/uploads\/2024\/01\/kamishibai-1024x768.jpg 1024w, https:\/\/www.azelot.fr\/wp-content\/uploads\/2024\/01\/kamishibai-768x576.jpg 768w, https:\/\/www.azelot.fr\/wp-content\/uploads\/2024\/01\/kamishibai-1536x1152.jpg 1536w, https:\/\/www.azelot.fr\/wp-content\/uploads\/2024\/01\/kamishibai-2048x1536.jpg 2048w, https:\/\/www.azelot.fr\/wp-content\/uploads\/2024\/01\/kamishibai-1170x878.jpg 1170w\" sizes=\"auto, (max-width: 300px) 100vw, 300px\" \/><\/a><\/li>\n<li>\n<h2>avec Karine et son activit\u00e9 sur les sonorit\u00e9s dans diff\u00e9rentes langues<\/h2>\n<\/li>\n<li><a href=\"https:\/\/www.azelot.fr\/wp-content\/uploads\/2024\/01\/louie-les-sonorites-dans-les-differentes-langues.jpg\" data-rel=\"lightbox-gallery-BNHcvNPv\" data-rl_title=\"\" data-rl_caption=\"\" title=\"\"><img loading=\"lazy\" decoding=\"async\" class=\"alignnone size-medium wp-image-11217\" src=\"https:\/\/www.azelot.fr\/wp-content\/uploads\/2024\/01\/louie-les-sonorites-dans-les-differentes-langues-225x300.jpg\" alt=\"\" width=\"225\" height=\"300\" srcset=\"https:\/\/www.azelot.fr\/wp-content\/uploads\/2024\/01\/louie-les-sonorites-dans-les-differentes-langues-225x300.jpg 225w, https:\/\/www.azelot.fr\/wp-content\/uploads\/2024\/01\/louie-les-sonorites-dans-les-differentes-langues-768x1024.jpg 768w, https:\/\/www.azelot.fr\/wp-content\/uploads\/2024\/01\/louie-les-sonorites-dans-les-differentes-langues-1152x1536.jpg 1152w, https:\/\/www.azelot.fr\/wp-content\/uploads\/2024\/01\/louie-les-sonorites-dans-les-differentes-langues-1170x1560.jpg 1170w, https:\/\/www.azelot.fr\/wp-content\/uploads\/2024\/01\/louie-les-sonorites-dans-les-differentes-langues.jpg 1200w\" sizes=\"auto, (max-width: 225px) 100vw, 225px\" \/><\/a><\/li>\n<li>\n<h2>avec Michel et Marie-Pierre et leur jeu sur l&rsquo;odorat<\/h2>\n<\/li>\n<li><a href=\"https:\/\/www.azelot.fr\/wp-content\/uploads\/2024\/01\/jeu-odorat-scaled.jpg\" data-rel=\"lightbox-gallery-BNHcvNPv\" data-rl_title=\"\" data-rl_caption=\"\" title=\"\"><img loading=\"lazy\" decoding=\"async\" class=\"alignnone size-medium wp-image-11223\" src=\"https:\/\/www.azelot.fr\/wp-content\/uploads\/2024\/01\/jeu-odorat-225x300.jpg\" alt=\"\" width=\"225\" height=\"300\" srcset=\"https:\/\/www.azelot.fr\/wp-content\/uploads\/2024\/01\/jeu-odorat-225x300.jpg 225w, https:\/\/www.azelot.fr\/wp-content\/uploads\/2024\/01\/jeu-odorat-768x1024.jpg 768w, https:\/\/www.azelot.fr\/wp-content\/uploads\/2024\/01\/jeu-odorat-1152x1536.jpg 1152w, https:\/\/www.azelot.fr\/wp-content\/uploads\/2024\/01\/jeu-odorat-1536x2048.jpg 1536w, https:\/\/www.azelot.fr\/wp-content\/uploads\/2024\/01\/jeu-odorat-1170x1560.jpg 1170w, https:\/\/www.azelot.fr\/wp-content\/uploads\/2024\/01\/jeu-odorat-scaled.jpg 1920w\" sizes=\"auto, (max-width: 225px) 100vw, 225px\" \/><\/a><\/li>\n<li>\n<h2>avec V\u00e9ronique et la cr\u00e9ation de po\u00e9sies gourmandes<\/h2>\n<\/li>\n<li><a href=\"https:\/\/www.azelot.fr\/wp-content\/uploads\/2024\/01\/poesies-gourmandes.jpg\" data-rel=\"lightbox-gallery-BNHcvNPv\" data-rl_title=\"\" data-rl_caption=\"\" title=\"\"><img loading=\"lazy\" decoding=\"async\" class=\"alignnone size-medium wp-image-11218\" src=\"https:\/\/www.azelot.fr\/wp-content\/uploads\/2024\/01\/poesies-gourmandes-225x300.jpg\" alt=\"\" width=\"225\" height=\"300\" srcset=\"https:\/\/www.azelot.fr\/wp-content\/uploads\/2024\/01\/poesies-gourmandes-225x300.jpg 225w, https:\/\/www.azelot.fr\/wp-content\/uploads\/2024\/01\/poesies-gourmandes-768x1024.jpg 768w, https:\/\/www.azelot.fr\/wp-content\/uploads\/2024\/01\/poesies-gourmandes-1152x1536.jpg 1152w, https:\/\/www.azelot.fr\/wp-content\/uploads\/2024\/01\/poesies-gourmandes-1170x1560.jpg 1170w, https:\/\/www.azelot.fr\/wp-content\/uploads\/2024\/01\/poesies-gourmandes.jpg 1200w\" sizes=\"auto, (max-width: 225px) 100vw, 225px\" \/><\/a><a href=\"https:\/\/www.azelot.fr\/wp-content\/uploads\/2024\/01\/poesie-1-scaled.jpg\" data-rel=\"lightbox-gallery-BNHcvNPv\" data-rl_title=\"\" data-rl_caption=\"\" title=\"\"><img loading=\"lazy\" decoding=\"async\" class=\"alignnone size-medium wp-image-11219\" src=\"https:\/\/www.azelot.fr\/wp-content\/uploads\/2024\/01\/poesie-1-225x300.jpg\" alt=\"\" width=\"225\" height=\"300\" srcset=\"https:\/\/www.azelot.fr\/wp-content\/uploads\/2024\/01\/poesie-1-225x300.jpg 225w, https:\/\/www.azelot.fr\/wp-content\/uploads\/2024\/01\/poesie-1-768x1024.jpg 768w, https:\/\/www.azelot.fr\/wp-content\/uploads\/2024\/01\/poesie-1-1152x1536.jpg 1152w, https:\/\/www.azelot.fr\/wp-content\/uploads\/2024\/01\/poesie-1-1536x2048.jpg 1536w, https:\/\/www.azelot.fr\/wp-content\/uploads\/2024\/01\/poesie-1-1170x1560.jpg 1170w, https:\/\/www.azelot.fr\/wp-content\/uploads\/2024\/01\/poesie-1-scaled.jpg 1920w\" sizes=\"auto, (max-width: 225px) 100vw, 225px\" \/><\/a><a href=\"https:\/\/www.azelot.fr\/wp-content\/uploads\/2024\/01\/poesie-2-scaled.jpg\" data-rel=\"lightbox-gallery-BNHcvNPv\" data-rl_title=\"\" data-rl_caption=\"\" title=\"\"><img loading=\"lazy\" decoding=\"async\" class=\"alignnone size-medium wp-image-11220\" src=\"https:\/\/www.azelot.fr\/wp-content\/uploads\/2024\/01\/poesie-2-225x300.jpg\" alt=\"\" width=\"225\" height=\"300\" srcset=\"https:\/\/www.azelot.fr\/wp-content\/uploads\/2024\/01\/poesie-2-225x300.jpg 225w, https:\/\/www.azelot.fr\/wp-content\/uploads\/2024\/01\/poesie-2-768x1024.jpg 768w, https:\/\/www.azelot.fr\/wp-content\/uploads\/2024\/01\/poesie-2-1152x1536.jpg 1152w, https:\/\/www.azelot.fr\/wp-content\/uploads\/2024\/01\/poesie-2-1536x2048.jpg 1536w, https:\/\/www.azelot.fr\/wp-content\/uploads\/2024\/01\/poesie-2-1170x1560.jpg 1170w, https:\/\/www.azelot.fr\/wp-content\/uploads\/2024\/01\/poesie-2-scaled.jpg 1920w\" sizes=\"auto, (max-width: 225px) 100vw, 225px\" \/><\/a><a href=\"https:\/\/www.azelot.fr\/wp-content\/uploads\/2024\/01\/poesie-3-scaled.jpg\" data-rel=\"lightbox-gallery-BNHcvNPv\" data-rl_title=\"\" data-rl_caption=\"\" title=\"\"><img loading=\"lazy\" decoding=\"async\" class=\"alignnone size-medium wp-image-11221\" src=\"https:\/\/www.azelot.fr\/wp-content\/uploads\/2024\/01\/poesie-3-225x300.jpg\" alt=\"\" width=\"225\" height=\"300\" srcset=\"https:\/\/www.azelot.fr\/wp-content\/uploads\/2024\/01\/poesie-3-225x300.jpg 225w, https:\/\/www.azelot.fr\/wp-content\/uploads\/2024\/01\/poesie-3-768x1024.jpg 768w, https:\/\/www.azelot.fr\/wp-content\/uploads\/2024\/01\/poesie-3-1152x1536.jpg 1152w, https:\/\/www.azelot.fr\/wp-content\/uploads\/2024\/01\/poesie-3-1536x2048.jpg 1536w, https:\/\/www.azelot.fr\/wp-content\/uploads\/2024\/01\/poesie-3-1170x1560.jpg 1170w, https:\/\/www.azelot.fr\/wp-content\/uploads\/2024\/01\/poesie-3-scaled.jpg 1920w\" sizes=\"auto, (max-width: 225px) 100vw, 225px\" \/><\/a><a href=\"https:\/\/www.azelot.fr\/wp-content\/uploads\/2024\/01\/poesie-4-scaled.jpg\" data-rel=\"lightbox-gallery-BNHcvNPv\" data-rl_title=\"\" data-rl_caption=\"\" title=\"\"><img loading=\"lazy\" decoding=\"async\" class=\"alignnone size-medium wp-image-11222\" src=\"https:\/\/www.azelot.fr\/wp-content\/uploads\/2024\/01\/poesie-4-225x300.jpg\" alt=\"\" width=\"225\" height=\"300\" srcset=\"https:\/\/www.azelot.fr\/wp-content\/uploads\/2024\/01\/poesie-4-225x300.jpg 225w, https:\/\/www.azelot.fr\/wp-content\/uploads\/2024\/01\/poesie-4-768x1024.jpg 768w, https:\/\/www.azelot.fr\/wp-content\/uploads\/2024\/01\/poesie-4-1152x1536.jpg 1152w, https:\/\/www.azelot.fr\/wp-content\/uploads\/2024\/01\/poesie-4-1536x2048.jpg 1536w, https:\/\/www.azelot.fr\/wp-content\/uploads\/2024\/01\/poesie-4-1170x1560.jpg 1170w, https:\/\/www.azelot.fr\/wp-content\/uploads\/2024\/01\/poesie-4-scaled.jpg 1920w\" sizes=\"auto, (max-width: 225px) 100vw, 225px\" \/><\/a><\/li>\n<\/ul>\n<h2>La soir\u00e9e s&rsquo;est achev\u00e9e par un pot avec enfants et parents.<\/h2>\n<h2>Une tr\u00e8s belle exp\u00e9rience \u00e0 nouveau gr\u00e2ce \u00e0 l&rsquo;appui de la MJC de Saint-Nicolas de Port et le soutien financier de la Communaut\u00e9 de Communes.<\/h2>\n<h2><\/h2>\n","protected":false},"excerpt":{"rendered":"<p>Ce vendredi 26 f\u00e9vrier de 18 \u00e0 19 h, 22 enfants de 6 \u00e0 13 ans et de tout le secteur se sont retrouv\u00e9s \u00e0 la salle communale pour partager une nouvelle \u00e9dition de la Nuit de la lecture. Cette&#8230;<br \/><a class=\"read-more-button\" href=\"https:\/\/www.azelot.fr\/?p=11213\">Savoir plus<\/a><\/p>\n","protected":false},"author":14,"featured_media":0,"comment_status":"open","ping_status":"open","sticky":false,"template":"","format":"standard","meta":{"activitypub_content_warning":"","activitypub_content_visibility":"","activitypub_max_image_attachments":4,"activitypub_interaction_policy_quote":"","activitypub_status":"","footnotes":""},"categories":[5],"tags":[],"class_list":["post-11213","post","type-post","status-publish","format-standard","hentry","category-foyer-rural"],"_links":{"self":[{"href":"https:\/\/www.azelot.fr\/index.php?rest_route=\/wp\/v2\/posts\/11213","targetHints":{"allow":["GET"]}}],"collection":[{"href":"https:\/\/www.azelot.fr\/index.php?rest_route=\/wp\/v2\/posts"}],"about":[{"href":"https:\/\/www.azelot.fr\/index.php?rest_route=\/wp\/v2\/types\/post"}],"author":[{"embeddable":true,"href":"https:\/\/www.azelot.fr\/index.php?rest_route=\/wp\/v2\/users\/14"}],"replies":[{"embeddable":true,"href":"https:\/\/www.azelot.fr\/index.php?rest_route=%2Fwp%2Fv2%2Fcomments&post=11213"}],"version-history":[{"count":1,"href":"https:\/\/www.azelot.fr\/index.php?rest_route=\/wp\/v2\/posts\/11213\/revisions"}],"predecessor-version":[{"id":11224,"href":"https:\/\/www.azelot.fr\/index.php?rest_route=\/wp\/v2\/posts\/11213\/revisions\/11224"}],"wp:attachment":[{"href":"https:\/\/www.azelot.fr\/index.php?rest_route=%2Fwp%2Fv2%2Fmedia&parent=11213"}],"wp:term":[{"taxonomy":"category","embeddable":true,"href":"https:\/\/www.azelot.fr\/index.php?rest_route=%2Fwp%2Fv2%2Fcategories&post=11213"},{"taxonomy":"post_tag","embeddable":true,"href":"https:\/\/www.azelot.fr\/index.php?rest_route=%2Fwp%2Fv2%2Ftags&post=11213"}],"curies":[{"name":"wp","href":"https:\/\/api.w.org\/{rel}","templated":true}]}}