{"id":11201,"date":"2023-12-29T15:17:36","date_gmt":"2023-12-29T14:17:36","guid":{"rendered":"https:\/\/www.azelot.fr\/?p=11201"},"modified":"2023-12-29T15:17:36","modified_gmt":"2023-12-29T14:17:36","slug":"contes-et-conteurs","status":"publish","type":"post","link":"https:\/\/www.azelot.fr\/?p=11201","title":{"rendered":"Cont\u00e9s et conteurs"},"content":{"rendered":"<h2>Jeudi 28 d\u00e9cembre \u00e0 14 h, comme convenu, une douzaine d&rsquo;enfants entre 4 et 12 ans ont \u00e9t\u00e9 accueillis dans la salle communale, par Elisabeth et Michel, b\u00e9n\u00e9voles \u00e0 la biblioth\u00e8que.<\/h2>\n<h2>Pendant 2 heures, ils ont \u00e9cout\u00e9 attentivement les histoires cont\u00e9es par Graziella Favorito. Ces histoires plus ou moins connues par les enfants (comme \u00ab\u00a0les 3 petits pourceaux\u00a0\u00bb), Graziella<\/h2>\n<h2>Favorito a r\u00e9ussi \u00e0 les raconter de fa\u00e7on interactive. D&rsquo;abord timidement, puis de fa\u00e7on de plus en plus active, l&rsquo;ensemble des enfants du groupe a particip\u00e9. Cette m\u00e9thode est tr\u00e8s efficace<\/h2>\n<h2>pour travailler la prise de parole, l&rsquo;imagination et le vocabulaire. Sans parler du calcul mental (n&rsquo;est-ce pas les plus grands !)<\/h2>\n<p><a href=\"https:\/\/www.azelot.fr\/wp-content\/uploads\/2023\/12\/conte-3.jpg\" data-rel=\"lightbox-gallery-pJaa9jAF\" data-rl_title=\"\" data-rl_caption=\"\" title=\"\"><img loading=\"lazy\" decoding=\"async\" class=\"size-medium wp-image-11204\" src=\"https:\/\/www.azelot.fr\/wp-content\/uploads\/2023\/12\/conte-3-300x216.jpg\" alt=\"\" width=\"300\" height=\"216\" srcset=\"https:\/\/www.azelot.fr\/wp-content\/uploads\/2023\/12\/conte-3-300x216.jpg 300w, https:\/\/www.azelot.fr\/wp-content\/uploads\/2023\/12\/conte-3-1024x738.jpg 1024w, https:\/\/www.azelot.fr\/wp-content\/uploads\/2023\/12\/conte-3-768x554.jpg 768w, https:\/\/www.azelot.fr\/wp-content\/uploads\/2023\/12\/conte-3-1536x1107.jpg 1536w, https:\/\/www.azelot.fr\/wp-content\/uploads\/2023\/12\/conte-3-2048x1476.jpg 2048w, https:\/\/www.azelot.fr\/wp-content\/uploads\/2023\/12\/conte-3-1170x843.jpg 1170w\" sizes=\"auto, (max-width: 300px) 100vw, 300px\" \/><\/a><\/p>\n<p><a href=\"https:\/\/www.azelot.fr\/wp-content\/uploads\/2023\/12\/conte-2-scaled.jpg\" data-rel=\"lightbox-gallery-pJaa9jAF\" data-rl_title=\"\" data-rl_caption=\"\" title=\"\"><img loading=\"lazy\" decoding=\"async\" class=\"size-medium wp-image-11203\" src=\"https:\/\/www.azelot.fr\/wp-content\/uploads\/2023\/12\/conte-2-300x200.jpg\" alt=\"\" width=\"300\" height=\"200\" srcset=\"https:\/\/www.azelot.fr\/wp-content\/uploads\/2023\/12\/conte-2-300x200.jpg 300w, https:\/\/www.azelot.fr\/wp-content\/uploads\/2023\/12\/conte-2-1024x682.jpg 1024w, https:\/\/www.azelot.fr\/wp-content\/uploads\/2023\/12\/conte-2-768x511.jpg 768w, https:\/\/www.azelot.fr\/wp-content\/uploads\/2023\/12\/conte-2-1536x1023.jpg 1536w, https:\/\/www.azelot.fr\/wp-content\/uploads\/2023\/12\/conte-2-2048x1364.jpg 2048w, https:\/\/www.azelot.fr\/wp-content\/uploads\/2023\/12\/conte-2-1170x779.jpg 1170w\" sizes=\"auto, (max-width: 300px) 100vw, 300px\" \/><\/a><\/p>\n<p>&nbsp;<\/p>\n<h2><\/h2>\n<h2><\/h2>\n<p><a href=\"https:\/\/www.azelot.fr\/wp-content\/uploads\/2023\/12\/conte-5.jpg\" data-rel=\"lightbox-gallery-pJaa9jAF\" data-rl_title=\"\" data-rl_caption=\"\" title=\"\"><img loading=\"lazy\" decoding=\"async\" class=\"size-medium wp-image-11206\" src=\"https:\/\/www.azelot.fr\/wp-content\/uploads\/2023\/12\/conte-5-300x231.jpg\" alt=\"\" width=\"300\" height=\"231\" srcset=\"https:\/\/www.azelot.fr\/wp-content\/uploads\/2023\/12\/conte-5-300x231.jpg 300w, https:\/\/www.azelot.fr\/wp-content\/uploads\/2023\/12\/conte-5-1024x789.jpg 1024w, https:\/\/www.azelot.fr\/wp-content\/uploads\/2023\/12\/conte-5-768x591.jpg 768w, https:\/\/www.azelot.fr\/wp-content\/uploads\/2023\/12\/conte-5-1536x1183.jpg 1536w, https:\/\/www.azelot.fr\/wp-content\/uploads\/2023\/12\/conte-5-2048x1577.jpg 2048w, https:\/\/www.azelot.fr\/wp-content\/uploads\/2023\/12\/conte-5-1170x901.jpg 1170w\" sizes=\"auto, (max-width: 300px) 100vw, 300px\" \/><\/a><\/p>\n<h2><\/h2>\n<h2>Quelques bons mots :<\/h2>\n<h2>\u00a0\u00bb Comment appelle-t-on le bord du bois ? &#8211; La rizi\u00e8re ?\u00a0\u00bb<\/h2>\n<h2>\u00a0\u00bb Un champ qui n&rsquo;est pas cultiv\u00e9, on dit qu&rsquo;il est en &#8230; ?\u00a0 &#8211; endormi\u00a0 ? \u00ab\u00a0<\/h2>\n<h2>Les deux heures sont tr\u00e8s vite pass\u00e9es, tous les enfants se prenant au jeu.<\/h2>\n<p>&nbsp;<\/p>\n<h2 style=\"text-align: center;\">La conteuse leur a aussi fait d\u00e9couvrir de magnifiques livres pop-up (ex Blanc ou\u00a0 Point rouge).<\/h2>\n<p><a href=\"https:\/\/www.azelot.fr\/wp-content\/uploads\/2023\/12\/conte-4.jpg\" data-rel=\"lightbox-gallery-pJaa9jAF\" data-rl_title=\"\" data-rl_caption=\"\" title=\"\"><img loading=\"lazy\" decoding=\"async\" class=\"size-medium wp-image-11205\" src=\"https:\/\/www.azelot.fr\/wp-content\/uploads\/2023\/12\/conte-4-300x271.jpg\" alt=\"\" width=\"300\" height=\"271\" srcset=\"https:\/\/www.azelot.fr\/wp-content\/uploads\/2023\/12\/conte-4-300x271.jpg 300w, https:\/\/www.azelot.fr\/wp-content\/uploads\/2023\/12\/conte-4-1024x926.jpg 1024w, https:\/\/www.azelot.fr\/wp-content\/uploads\/2023\/12\/conte-4-768x694.jpg 768w, https:\/\/www.azelot.fr\/wp-content\/uploads\/2023\/12\/conte-4-1536x1389.jpg 1536w, https:\/\/www.azelot.fr\/wp-content\/uploads\/2023\/12\/conte-4-2048x1852.jpg 2048w, https:\/\/www.azelot.fr\/wp-content\/uploads\/2023\/12\/conte-4-1170x1058.jpg 1170w\" sizes=\"auto, (max-width: 300px) 100vw, 300px\" \/><\/a><\/p>\n<p><a href=\"https:\/\/www.azelot.fr\/wp-content\/uploads\/2023\/12\/conte-1-scaled.jpg\" data-rel=\"lightbox-gallery-pJaa9jAF\" data-rl_title=\"\" data-rl_caption=\"\" title=\"\"><img loading=\"lazy\" decoding=\"async\" class=\"size-medium wp-image-11202\" src=\"https:\/\/www.azelot.fr\/wp-content\/uploads\/2023\/12\/conte-1-300x264.jpg\" alt=\"\" width=\"300\" height=\"264\" srcset=\"https:\/\/www.azelot.fr\/wp-content\/uploads\/2023\/12\/conte-1-300x264.jpg 300w, https:\/\/www.azelot.fr\/wp-content\/uploads\/2023\/12\/conte-1-1024x900.jpg 1024w, https:\/\/www.azelot.fr\/wp-content\/uploads\/2023\/12\/conte-1-768x675.jpg 768w, https:\/\/www.azelot.fr\/wp-content\/uploads\/2023\/12\/conte-1-1536x1349.jpg 1536w, https:\/\/www.azelot.fr\/wp-content\/uploads\/2023\/12\/conte-1-2048x1799.jpg 2048w, https:\/\/www.azelot.fr\/wp-content\/uploads\/2023\/12\/conte-1-1170x1028.jpg 1170w\" sizes=\"auto, (max-width: 300px) 100vw, 300px\" \/><\/a><\/p>\n<h2>La s\u00e9ance s&rsquo;est termin\u00e9e par un go\u00fbter avec les bonnes gaufres pr\u00e9par\u00e9es par Elisabeth, pour petits et grands.<\/h2>\n<h2>On ne peut que remercier la m\u00e9diath\u00e8que d\u00e9partementale qui a financ\u00e9 cette animation pour la biblioth\u00e8que du foyer rural d&rsquo;Azelot.<\/h2>\n<p>&nbsp;<\/p>\n<h2>Plusieurs dates en rappel :<\/h2>\n<h2>La biblioth\u00e8que sera ouverte le mercredi 3 janvier de 17 \u00e0 19 h et proposera des lectures cont\u00e9es aux plus jeunes.<\/h2>\n<h2>R\u00e9servez d\u00e9j\u00e0 sur vos agendas, le vendredi 19 janvier pour la \u00ab\u00a0Nuit de la lecture\u00a0\u00bb qui sera accueillie pour tout le secteur, par la biblioth\u00e8que d&rsquo;Azelot, avec une belle animation.<\/h2>\n","protected":false},"excerpt":{"rendered":"<p>Jeudi 28 d\u00e9cembre \u00e0 14 h, comme convenu, une douzaine d&rsquo;enfants entre 4 et 12 ans ont \u00e9t\u00e9 accueillis dans la salle communale, par Elisabeth et Michel, b\u00e9n\u00e9voles \u00e0 la biblioth\u00e8que. Pendant 2 heures, ils ont \u00e9cout\u00e9 attentivement les histoires&#8230;<br \/><a class=\"read-more-button\" href=\"https:\/\/www.azelot.fr\/?p=11201\">Savoir plus<\/a><\/p>\n","protected":false},"author":14,"featured_media":0,"comment_status":"open","ping_status":"open","sticky":false,"template":"","format":"standard","meta":{"activitypub_content_warning":"","activitypub_content_visibility":"","activitypub_max_image_attachments":4,"activitypub_interaction_policy_quote":"","activitypub_status":"","footnotes":""},"categories":[5],"tags":[],"class_list":["post-11201","post","type-post","status-publish","format-standard","hentry","category-foyer-rural"],"_links":{"self":[{"href":"https:\/\/www.azelot.fr\/index.php?rest_route=\/wp\/v2\/posts\/11201","targetHints":{"allow":["GET"]}}],"collection":[{"href":"https:\/\/www.azelot.fr\/index.php?rest_route=\/wp\/v2\/posts"}],"about":[{"href":"https:\/\/www.azelot.fr\/index.php?rest_route=\/wp\/v2\/types\/post"}],"author":[{"embeddable":true,"href":"https:\/\/www.azelot.fr\/index.php?rest_route=\/wp\/v2\/users\/14"}],"replies":[{"embeddable":true,"href":"https:\/\/www.azelot.fr\/index.php?rest_route=%2Fwp%2Fv2%2Fcomments&post=11201"}],"version-history":[{"count":1,"href":"https:\/\/www.azelot.fr\/index.php?rest_route=\/wp\/v2\/posts\/11201\/revisions"}],"predecessor-version":[{"id":11207,"href":"https:\/\/www.azelot.fr\/index.php?rest_route=\/wp\/v2\/posts\/11201\/revisions\/11207"}],"wp:attachment":[{"href":"https:\/\/www.azelot.fr\/index.php?rest_route=%2Fwp%2Fv2%2Fmedia&parent=11201"}],"wp:term":[{"taxonomy":"category","embeddable":true,"href":"https:\/\/www.azelot.fr\/index.php?rest_route=%2Fwp%2Fv2%2Fcategories&post=11201"},{"taxonomy":"post_tag","embeddable":true,"href":"https:\/\/www.azelot.fr\/index.php?rest_route=%2Fwp%2Fv2%2Ftags&post=11201"}],"curies":[{"name":"wp","href":"https:\/\/api.w.org\/{rel}","templated":true}]}}