{"id":11158,"date":"2023-12-22T17:45:28","date_gmt":"2023-12-22T16:45:28","guid":{"rendered":"https:\/\/www.azelot.fr\/?p=11158"},"modified":"2023-12-22T17:45:28","modified_gmt":"2023-12-22T16:45:28","slug":"lesprit-de-noel","status":"publish","type":"post","link":"https:\/\/www.azelot.fr\/?p=11158","title":{"rendered":"L&rsquo;esprit de No\u00ebl"},"content":{"rendered":"<h2>Comme convenu avec les habitants et en d\u00e9pit de la m\u00e9t\u00e9o hostile, les chanteurs de la chorale \u00e9ph\u00e9m\u00e8re d&rsquo;Azelot ont renou\u00e9 avec une tradition perdue depuis plus de 10 ans.<\/h2>\n<h2>Encourag\u00e9s par la d\u00e9termination d&rsquo;Axelle (professeure de piano et de chant \u00e0 l&rsquo;\u00e9cole de musique) et entra\u00een\u00e9s par 3 r\u00e9p\u00e9titions, les chanteurs d&rsquo;un soir ont parcouru les rues du village, en proposant les chants classiques de No\u00ebl \u00e0 une ( Vive le vent, Petit papa no\u00ebl) ou 2 voix (Mon beau sapin, Douce nuit, Petit gar\u00e7on). Accueillis avec chaleur par de nombreuses familles, ils ont d\u00fb s&rsquo;arr\u00eater \u00e0 pr\u00e8s de 21 h 30 et n&rsquo;ont pu parcourir la route de Flavigny. Elle sera donc prioritaire l&rsquo;ann\u00e9e prochaine !<\/h2>\n<p>&nbsp;<\/p>\n<p style=\"text-align: center;\"><a href=\"https:\/\/www.azelot.fr\/wp-content\/uploads\/2023\/12\/chants-Noel-1-scaled.jpg\" data-rel=\"lightbox-gallery-VcePuVmR\" data-rl_title=\"\" data-rl_caption=\"\" title=\"\"><img loading=\"lazy\" decoding=\"async\" class=\"alignnone size-medium wp-image-11159\" src=\"https:\/\/www.azelot.fr\/wp-content\/uploads\/2023\/12\/chants-Noel-1-300x225.jpg\" alt=\"\" width=\"300\" height=\"225\" srcset=\"https:\/\/www.azelot.fr\/wp-content\/uploads\/2023\/12\/chants-Noel-1-300x225.jpg 300w, https:\/\/www.azelot.fr\/wp-content\/uploads\/2023\/12\/chants-Noel-1-1024x768.jpg 1024w, https:\/\/www.azelot.fr\/wp-content\/uploads\/2023\/12\/chants-Noel-1-768x576.jpg 768w, https:\/\/www.azelot.fr\/wp-content\/uploads\/2023\/12\/chants-Noel-1-1536x1152.jpg 1536w, https:\/\/www.azelot.fr\/wp-content\/uploads\/2023\/12\/chants-Noel-1-2048x1536.jpg 2048w, https:\/\/www.azelot.fr\/wp-content\/uploads\/2023\/12\/chants-Noel-1-1170x878.jpg 1170w\" sizes=\"auto, (max-width: 300px) 100vw, 300px\" \/><\/a> <a href=\"https:\/\/www.azelot.fr\/wp-content\/uploads\/2023\/12\/chants-Noel-2-scaled.jpg\" data-rel=\"lightbox-gallery-VcePuVmR\" data-rl_title=\"\" data-rl_caption=\"\" title=\"\"><img loading=\"lazy\" decoding=\"async\" class=\"alignnone size-medium wp-image-11160\" src=\"https:\/\/www.azelot.fr\/wp-content\/uploads\/2023\/12\/chants-Noel-2-300x225.jpg\" alt=\"\" width=\"300\" height=\"225\" srcset=\"https:\/\/www.azelot.fr\/wp-content\/uploads\/2023\/12\/chants-Noel-2-300x225.jpg 300w, https:\/\/www.azelot.fr\/wp-content\/uploads\/2023\/12\/chants-Noel-2-1024x768.jpg 1024w, https:\/\/www.azelot.fr\/wp-content\/uploads\/2023\/12\/chants-Noel-2-768x576.jpg 768w, https:\/\/www.azelot.fr\/wp-content\/uploads\/2023\/12\/chants-Noel-2-1536x1152.jpg 1536w, https:\/\/www.azelot.fr\/wp-content\/uploads\/2023\/12\/chants-Noel-2-2048x1536.jpg 2048w, https:\/\/www.azelot.fr\/wp-content\/uploads\/2023\/12\/chants-Noel-2-1170x878.jpg 1170w\" sizes=\"auto, (max-width: 300px) 100vw, 300px\" \/><\/a><\/p>\n<h2>Apr\u00e8s l&rsquo;effort, le r\u00e9confort. Les chanteurs ont beaucoup appr\u00e9ci\u00e9 les soupes pr\u00e9par\u00e9s par les b\u00e9n\u00e9voles du foyer et ont ensuite partag\u00e9 les gourmandises sal\u00e9es ou sucr\u00e9es apport\u00e9es par chacun.<\/h2>\n<h2>Une tr\u00e8s belle exp\u00e9rience, totalement en accord avec l&rsquo;esprit de No\u00ebl.<\/h2>\n","protected":false},"excerpt":{"rendered":"<p>Comme convenu avec les habitants et en d\u00e9pit de la m\u00e9t\u00e9o hostile, les chanteurs de la chorale \u00e9ph\u00e9m\u00e8re d&rsquo;Azelot ont renou\u00e9 avec une tradition perdue depuis plus de 10 ans. Encourag\u00e9s par la d\u00e9termination d&rsquo;Axelle (professeure de piano et de&#8230;<br \/><a class=\"read-more-button\" href=\"https:\/\/www.azelot.fr\/?p=11158\">Savoir plus<\/a><\/p>\n","protected":false},"author":14,"featured_media":0,"comment_status":"open","ping_status":"open","sticky":false,"template":"","format":"standard","meta":{"activitypub_content_warning":"","activitypub_content_visibility":"","activitypub_max_image_attachments":4,"activitypub_interaction_policy_quote":"","activitypub_status":"","footnotes":""},"categories":[5],"tags":[],"class_list":["post-11158","post","type-post","status-publish","format-standard","hentry","category-foyer-rural"],"_links":{"self":[{"href":"https:\/\/www.azelot.fr\/index.php?rest_route=\/wp\/v2\/posts\/11158","targetHints":{"allow":["GET"]}}],"collection":[{"href":"https:\/\/www.azelot.fr\/index.php?rest_route=\/wp\/v2\/posts"}],"about":[{"href":"https:\/\/www.azelot.fr\/index.php?rest_route=\/wp\/v2\/types\/post"}],"author":[{"embeddable":true,"href":"https:\/\/www.azelot.fr\/index.php?rest_route=\/wp\/v2\/users\/14"}],"replies":[{"embeddable":true,"href":"https:\/\/www.azelot.fr\/index.php?rest_route=%2Fwp%2Fv2%2Fcomments&post=11158"}],"version-history":[{"count":1,"href":"https:\/\/www.azelot.fr\/index.php?rest_route=\/wp\/v2\/posts\/11158\/revisions"}],"predecessor-version":[{"id":11161,"href":"https:\/\/www.azelot.fr\/index.php?rest_route=\/wp\/v2\/posts\/11158\/revisions\/11161"}],"wp:attachment":[{"href":"https:\/\/www.azelot.fr\/index.php?rest_route=%2Fwp%2Fv2%2Fmedia&parent=11158"}],"wp:term":[{"taxonomy":"category","embeddable":true,"href":"https:\/\/www.azelot.fr\/index.php?rest_route=%2Fwp%2Fv2%2Fcategories&post=11158"},{"taxonomy":"post_tag","embeddable":true,"href":"https:\/\/www.azelot.fr\/index.php?rest_route=%2Fwp%2Fv2%2Ftags&post=11158"}],"curies":[{"name":"wp","href":"https:\/\/api.w.org\/{rel}","templated":true}]}}