{"id":11149,"date":"2023-12-18T22:25:31","date_gmt":"2023-12-18T21:25:31","guid":{"rendered":"https:\/\/www.azelot.fr\/?p=11149"},"modified":"2023-12-18T22:26:27","modified_gmt":"2023-12-18T21:26:27","slug":"salon-des-vignerons-un-franc-succes","status":"publish","type":"post","link":"https:\/\/www.azelot.fr\/?p=11149","title":{"rendered":"Salon des Vignerons : un franc succ\u00e8s"},"content":{"rendered":"<p>19\u00e8me \u00e9dition du Salon des Vignerons, d\u00e9j\u00e0 &#8230;<br \/>\nCe Salon est organis\u00e9 par le Foyer rural et s&rsquo;appuie sur 24 b\u00e9n\u00e9voles autour des membres du club des d\u00e9gustateurs.<br \/>\nUn succ\u00e8s \u00e0 mettre au cr\u00e9dit des b\u00e9n\u00e9voles sans qui rien ne serait possible : installer la salle \u00e0 la veille du Salon, aller chercher les grilles \u00e0 Rosi\u00e8res, mettre en place les \u00e9l\u00e9ments de signalisation sur la place, tenir la table d&rsquo;accueil, faire les courses et faire les repas pour les vignerons, faire la \u00ab\u00a0plonge\u00a0\u00bb, puis ranger la salle le lundi matin&#8230; et sans parler des r\u00e9unions pr\u00e9paratoires, les courriers aux vignerons, la distribution de 1500 tracts dans 9 communes voisines, la pose des 3 banderoles dans des endroits strat\u00e9giques&#8230; et j&rsquo;en oublie !<a href=\"https:\/\/www.azelot.fr\/wp-content\/uploads\/2023\/12\/s-1-1-scaled.jpg\" data-rel=\"lightbox-gallery-N1KdXKlc\" data-rl_title=\"\" data-rl_caption=\"\" title=\"\"><img loading=\"lazy\" decoding=\"async\" class=\"wp-image-11151 aligncenter\" src=\"https:\/\/www.azelot.fr\/wp-content\/uploads\/2023\/12\/s-1-1-scaled.jpg\" alt=\"\" width=\"646\" height=\"485\" srcset=\"https:\/\/www.azelot.fr\/wp-content\/uploads\/2023\/12\/s-1-1-scaled.jpg 2560w, https:\/\/www.azelot.fr\/wp-content\/uploads\/2023\/12\/s-1-1-300x225.jpg 300w, https:\/\/www.azelot.fr\/wp-content\/uploads\/2023\/12\/s-1-1-1024x768.jpg 1024w, https:\/\/www.azelot.fr\/wp-content\/uploads\/2023\/12\/s-1-1-768x576.jpg 768w, https:\/\/www.azelot.fr\/wp-content\/uploads\/2023\/12\/s-1-1-1536x1152.jpg 1536w, https:\/\/www.azelot.fr\/wp-content\/uploads\/2023\/12\/s-1-1-2048x1536.jpg 2048w, https:\/\/www.azelot.fr\/wp-content\/uploads\/2023\/12\/s-1-1-1170x878.jpg 1170w\" sizes=\"auto, (max-width: 646px) 100vw, 646px\" \/><\/a><\/p>\n<p><a href=\"https:\/\/www.azelot.fr\/wp-content\/uploads\/2023\/12\/20231209_114934-1-scaled.jpg\" data-rel=\"lightbox-gallery-N1KdXKlc\" data-rl_title=\"\" data-rl_caption=\"\" title=\"\"><img loading=\"lazy\" decoding=\"async\" class=\"wp-image-11153 aligncenter\" src=\"https:\/\/www.azelot.fr\/wp-content\/uploads\/2023\/12\/20231209_114934-1-scaled.jpg\" alt=\"\" width=\"652\" height=\"489\" srcset=\"https:\/\/www.azelot.fr\/wp-content\/uploads\/2023\/12\/20231209_114934-1-scaled.jpg 2560w, https:\/\/www.azelot.fr\/wp-content\/uploads\/2023\/12\/20231209_114934-1-300x225.jpg 300w, https:\/\/www.azelot.fr\/wp-content\/uploads\/2023\/12\/20231209_114934-1-1024x768.jpg 1024w, https:\/\/www.azelot.fr\/wp-content\/uploads\/2023\/12\/20231209_114934-1-768x576.jpg 768w, https:\/\/www.azelot.fr\/wp-content\/uploads\/2023\/12\/20231209_114934-1-1536x1152.jpg 1536w, https:\/\/www.azelot.fr\/wp-content\/uploads\/2023\/12\/20231209_114934-1-2048x1536.jpg 2048w, https:\/\/www.azelot.fr\/wp-content\/uploads\/2023\/12\/20231209_114934-1-1170x878.jpg 1170w\" sizes=\"auto, (max-width: 652px) 100vw, 652px\" \/><\/a><\/p>\n<p>Un succ\u00e8s pour 2 raisons :<\/p>\n<p>&#8211; la fr\u00e9quentation a retrouv\u00e9 le chiffre d&rsquo;entr\u00e9es d&rsquo;avant Covid , de l&rsquo;ordre de 500 personnes ( la plus grosse affluence sur Azelot pour les manifestations ouvertes au public.)<\/p>\n<p><a href=\"https:\/\/www.azelot.fr\/wp-content\/uploads\/2023\/12\/20231209_114806-2-scaled.jpg\" data-rel=\"lightbox-gallery-N1KdXKlc\" data-rl_title=\"\" data-rl_caption=\"\" title=\"\"><img loading=\"lazy\" decoding=\"async\" class=\"wp-image-11154 aligncenter\" src=\"https:\/\/www.azelot.fr\/wp-content\/uploads\/2023\/12\/20231209_114806-2-scaled.jpg\" alt=\"\" width=\"657\" height=\"493\" srcset=\"https:\/\/www.azelot.fr\/wp-content\/uploads\/2023\/12\/20231209_114806-2-scaled.jpg 2560w, https:\/\/www.azelot.fr\/wp-content\/uploads\/2023\/12\/20231209_114806-2-300x225.jpg 300w, https:\/\/www.azelot.fr\/wp-content\/uploads\/2023\/12\/20231209_114806-2-1024x768.jpg 1024w, https:\/\/www.azelot.fr\/wp-content\/uploads\/2023\/12\/20231209_114806-2-768x576.jpg 768w, https:\/\/www.azelot.fr\/wp-content\/uploads\/2023\/12\/20231209_114806-2-1536x1152.jpg 1536w, https:\/\/www.azelot.fr\/wp-content\/uploads\/2023\/12\/20231209_114806-2-2048x1536.jpg 2048w, https:\/\/www.azelot.fr\/wp-content\/uploads\/2023\/12\/20231209_114806-2-1170x878.jpg 1170w\" sizes=\"auto, (max-width: 657px) 100vw, 657px\" \/><\/a><\/p>\n<p>&#8211; le b\u00e9n\u00e9fice cons\u00e9quent r\u00e9alis\u00e9 qui, rappelons-le, alimente les caisses du Foyer rural, en particulier pour les actions \u00e0 destination de la jeunesse.<\/p>\n<p>Vivement la 20\u00e8me \u00e9dition en 2024, samedi 14 et dimanche 15 d\u00e9cembre.<\/p>\n","protected":false},"excerpt":{"rendered":"<p>19\u00e8me \u00e9dition du Salon des Vignerons, d\u00e9j\u00e0 &#8230; Ce Salon est organis\u00e9 par le Foyer rural et s&rsquo;appuie sur 24 b\u00e9n\u00e9voles autour des membres du club des d\u00e9gustateurs. Un succ\u00e8s \u00e0 mettre au cr\u00e9dit des b\u00e9n\u00e9voles sans qui rien ne&#8230;<br \/><a class=\"read-more-button\" href=\"https:\/\/www.azelot.fr\/?p=11149\">Savoir plus<\/a><\/p>\n","protected":false},"author":4,"featured_media":0,"comment_status":"open","ping_status":"open","sticky":false,"template":"","format":"standard","meta":{"activitypub_content_warning":"","activitypub_content_visibility":"","activitypub_max_image_attachments":4,"activitypub_interaction_policy_quote":"","activitypub_status":"","footnotes":""},"categories":[5],"tags":[],"class_list":["post-11149","post","type-post","status-publish","format-standard","hentry","category-foyer-rural"],"_links":{"self":[{"href":"https:\/\/www.azelot.fr\/index.php?rest_route=\/wp\/v2\/posts\/11149","targetHints":{"allow":["GET"]}}],"collection":[{"href":"https:\/\/www.azelot.fr\/index.php?rest_route=\/wp\/v2\/posts"}],"about":[{"href":"https:\/\/www.azelot.fr\/index.php?rest_route=\/wp\/v2\/types\/post"}],"author":[{"embeddable":true,"href":"https:\/\/www.azelot.fr\/index.php?rest_route=\/wp\/v2\/users\/4"}],"replies":[{"embeddable":true,"href":"https:\/\/www.azelot.fr\/index.php?rest_route=%2Fwp%2Fv2%2Fcomments&post=11149"}],"version-history":[{"count":3,"href":"https:\/\/www.azelot.fr\/index.php?rest_route=\/wp\/v2\/posts\/11149\/revisions"}],"predecessor-version":[{"id":11156,"href":"https:\/\/www.azelot.fr\/index.php?rest_route=\/wp\/v2\/posts\/11149\/revisions\/11156"}],"wp:attachment":[{"href":"https:\/\/www.azelot.fr\/index.php?rest_route=%2Fwp%2Fv2%2Fmedia&parent=11149"}],"wp:term":[{"taxonomy":"category","embeddable":true,"href":"https:\/\/www.azelot.fr\/index.php?rest_route=%2Fwp%2Fv2%2Fcategories&post=11149"},{"taxonomy":"post_tag","embeddable":true,"href":"https:\/\/www.azelot.fr\/index.php?rest_route=%2Fwp%2Fv2%2Ftags&post=11149"}],"curies":[{"name":"wp","href":"https:\/\/api.w.org\/{rel}","templated":true}]}}