{"id":11056,"date":"2023-11-13T22:04:24","date_gmt":"2023-11-13T21:04:24","guid":{"rendered":"https:\/\/www.azelot.fr\/?p=11056"},"modified":"2023-11-14T10:08:47","modified_gmt":"2023-11-14T09:08:47","slug":"11-novembre-2023-de-lhistoire-locale-et-des-fleurs","status":"publish","type":"post","link":"https:\/\/www.azelot.fr\/?p=11056","title":{"rendered":"11 novembre 2023 : de l&rsquo;histoire locale et des fleurs"},"content":{"rendered":"<h3>Cette ann\u00e9e la c\u00e9r\u00e9monie du 11 novembre a permis de comm\u00e9morer comme partout en France la fin de la 1\u00e8re guerre mondiale et de rendre hommage aux morts pour la France.<\/h3>\n<p><a href=\"https:\/\/www.azelot.fr\/wp-content\/uploads\/2023\/11\/11-nov-2-scaled.jpg\" data-rel=\"lightbox-gallery-3abtJOPl\" data-rl_title=\"\" data-rl_caption=\"\" title=\"\"><img loading=\"lazy\" decoding=\"async\" class=\"size-medium wp-image-11058 aligncenter\" src=\"https:\/\/www.azelot.fr\/wp-content\/uploads\/2023\/11\/11-nov-2-300x225.jpg\" alt=\"\" width=\"300\" height=\"225\" srcset=\"https:\/\/www.azelot.fr\/wp-content\/uploads\/2023\/11\/11-nov-2-300x225.jpg 300w, https:\/\/www.azelot.fr\/wp-content\/uploads\/2023\/11\/11-nov-2-1024x768.jpg 1024w, https:\/\/www.azelot.fr\/wp-content\/uploads\/2023\/11\/11-nov-2-768x576.jpg 768w, https:\/\/www.azelot.fr\/wp-content\/uploads\/2023\/11\/11-nov-2-1536x1152.jpg 1536w, https:\/\/www.azelot.fr\/wp-content\/uploads\/2023\/11\/11-nov-2-2048x1536.jpg 2048w, https:\/\/www.azelot.fr\/wp-content\/uploads\/2023\/11\/11-nov-2-1170x878.jpg 1170w\" sizes=\"auto, (max-width: 300px) 100vw, 300px\" \/><\/a><\/p>\n<h3>Une gerbe a \u00e9t\u00e9 d\u00e9pos\u00e9e par les \u00e9lus et des jeunes du village : une gerbe multicolore pour le monument aux morts du village, une gerbe de coquelicots offerte par Julian Finch, sujet britannique et ami d&rsquo;Azelot, \u00e0 destination des tombes d&rsquo;Indiens, morts au service de la couronne britannique. Une assistance nombreuse d&rsquo;une cinquantaine de personnes a \u00e9cout\u00e9 la lecture par le maire du message officiel. Il rappelait notamment\u00a0 que la flamme de l&rsquo;Arc de triomphe \u00e0 Paris br\u00fblait sans interruption depuis 1923 et il a nomm\u00e9 les morts pour la France de 2023.<\/h3>\n<p><a href=\"https:\/\/www.azelot.fr\/wp-content\/uploads\/2023\/11\/11-nov-1-scaled.jpg\" data-rel=\"lightbox-gallery-3abtJOPl\" data-rl_title=\"\" data-rl_caption=\"\" title=\"\"><img loading=\"lazy\" decoding=\"async\" class=\"size-medium wp-image-11057 aligncenter\" src=\"https:\/\/www.azelot.fr\/wp-content\/uploads\/2023\/11\/11-nov-1-300x225.jpg\" alt=\"\" width=\"300\" height=\"225\" srcset=\"https:\/\/www.azelot.fr\/wp-content\/uploads\/2023\/11\/11-nov-1-300x225.jpg 300w, https:\/\/www.azelot.fr\/wp-content\/uploads\/2023\/11\/11-nov-1-1024x768.jpg 1024w, https:\/\/www.azelot.fr\/wp-content\/uploads\/2023\/11\/11-nov-1-768x576.jpg 768w, https:\/\/www.azelot.fr\/wp-content\/uploads\/2023\/11\/11-nov-1-1536x1152.jpg 1536w, https:\/\/www.azelot.fr\/wp-content\/uploads\/2023\/11\/11-nov-1-2048x1536.jpg 2048w, https:\/\/www.azelot.fr\/wp-content\/uploads\/2023\/11\/11-nov-1-1170x878.jpg 1170w\" sizes=\"auto, (max-width: 300px) 100vw, 300px\" \/><\/a><\/p>\n<h3>De retour \u00e0 la mairie, 4 jeunes du village (Lylou, Lisa, Paul et Th\u00e9o) ont offert \u00e0 l&rsquo;assistance le r\u00e9sultat de leurs recherches sur le site \u00ab\u00a0M\u00e9moire des Hommes\u00a0\u00bb et dans les registres d&rsquo;\u00e9tat civil d&rsquo;Azelot.<\/h3>\n<p><a href=\"https:\/\/www.azelot.fr\/wp-content\/uploads\/2023\/11\/11-nov-2-bis.jpg\" data-rel=\"lightbox-gallery-3abtJOPl\" data-rl_title=\"\" data-rl_caption=\"\" title=\"\"><img loading=\"lazy\" decoding=\"async\" class=\"size-medium wp-image-11059\" src=\"https:\/\/www.azelot.fr\/wp-content\/uploads\/2023\/11\/11-nov-2-bis-300x249.jpg\" alt=\"\" width=\"300\" height=\"249\" srcset=\"https:\/\/www.azelot.fr\/wp-content\/uploads\/2023\/11\/11-nov-2-bis-300x249.jpg 300w, https:\/\/www.azelot.fr\/wp-content\/uploads\/2023\/11\/11-nov-2-bis-1024x851.jpg 1024w, https:\/\/www.azelot.fr\/wp-content\/uploads\/2023\/11\/11-nov-2-bis-768x638.jpg 768w, https:\/\/www.azelot.fr\/wp-content\/uploads\/2023\/11\/11-nov-2-bis-1536x1276.jpg 1536w, https:\/\/www.azelot.fr\/wp-content\/uploads\/2023\/11\/11-nov-2-bis-2048x1702.jpg 2048w, https:\/\/www.azelot.fr\/wp-content\/uploads\/2023\/11\/11-nov-2-bis-1170x972.jpg 1170w\" sizes=\"auto, (max-width: 300px) 100vw, 300px\" \/><\/a><\/p>\n<h4>Ils ont pr\u00e9sent\u00e9, pour chaque soldat n\u00e9 \u00e0 Azelot et mort pour la France,\u00a0 ses origines familiales\u00a0 et son destin pendant le conflit, une carte confirmant la diversit\u00e9 de leurs parcours militaires. Leur pr\u00e9sentation a permis de rendre plus humaine et plus concr\u00e8te l&rsquo;habituelle comm\u00e9moration et les jeunes historiens amateurs ont \u00e9t\u00e9 f\u00e9licit\u00e9s.<\/h4>\n<p><a href=\"https:\/\/www.azelot.fr\/wp-content\/uploads\/2023\/11\/11-nov-2-.4.jpg\" data-rel=\"lightbox-gallery-3abtJOPl\" data-rl_title=\"\" data-rl_caption=\"\" title=\"\"><img loading=\"lazy\" decoding=\"async\" class=\"size-medium wp-image-11061\" src=\"https:\/\/www.azelot.fr\/wp-content\/uploads\/2023\/11\/11-nov-2-.4-244x300.jpg\" alt=\"\" width=\"244\" height=\"300\" srcset=\"https:\/\/www.azelot.fr\/wp-content\/uploads\/2023\/11\/11-nov-2-.4-244x300.jpg 244w, https:\/\/www.azelot.fr\/wp-content\/uploads\/2023\/11\/11-nov-2-.4-832x1024.jpg 832w, https:\/\/www.azelot.fr\/wp-content\/uploads\/2023\/11\/11-nov-2-.4-768x945.jpg 768w, https:\/\/www.azelot.fr\/wp-content\/uploads\/2023\/11\/11-nov-2-.4-1248x1536.jpg 1248w, https:\/\/www.azelot.fr\/wp-content\/uploads\/2023\/11\/11-nov-2-.4-1170x1440.jpg 1170w, https:\/\/www.azelot.fr\/wp-content\/uploads\/2023\/11\/11-nov-2-.4.jpg 1493w\" sizes=\"auto, (max-width: 244px) 100vw, 244px\" \/><\/a><\/p>\n<p><a href=\"https:\/\/www.azelot.fr\/wp-content\/uploads\/2023\/11\/11-nov-2ter-scaled.jpg\" data-rel=\"lightbox-gallery-3abtJOPl\" data-rl_title=\"\" data-rl_caption=\"\" title=\"\"><img loading=\"lazy\" decoding=\"async\" class=\"size-medium wp-image-11060 alignleft\" src=\"https:\/\/www.azelot.fr\/wp-content\/uploads\/2023\/11\/11-nov-2ter-300x225.jpg\" alt=\"\" width=\"300\" height=\"225\" srcset=\"https:\/\/www.azelot.fr\/wp-content\/uploads\/2023\/11\/11-nov-2ter-300x225.jpg 300w, https:\/\/www.azelot.fr\/wp-content\/uploads\/2023\/11\/11-nov-2ter-1024x768.jpg 1024w, https:\/\/www.azelot.fr\/wp-content\/uploads\/2023\/11\/11-nov-2ter-768x576.jpg 768w, https:\/\/www.azelot.fr\/wp-content\/uploads\/2023\/11\/11-nov-2ter-1536x1152.jpg 1536w, https:\/\/www.azelot.fr\/wp-content\/uploads\/2023\/11\/11-nov-2ter-2048x1536.jpg 2048w, https:\/\/www.azelot.fr\/wp-content\/uploads\/2023\/11\/11-nov-2ter-1170x878.jpg 1170w\" sizes=\"auto, (max-width: 300px) 100vw, 300px\" \/><\/a><\/p>\n<h4><\/h4>\n<h4><\/h4>\n<h4><\/h4>\n<h4><\/h4>\n<h3>L&rsquo;assembl\u00e9e r\u00e9unie a pu ensuite \u00e9couter le bilan de l&rsquo;action environnementale et du fleurissement de la commune. Claude Richon, adjoint \u00e0 l&rsquo;environnement a r\u00e9sum\u00e9 les \u00e9volutions entreprises, afin notamment d&rsquo;adapter le fleurissement aux contraintes du changement climatique (esp\u00e8ces plus r\u00e9sistantes \u00e0 la s\u00e9cheresse, plus de vivaces dans les massifs,&#8230;).<\/h3>\n<p><a href=\"https:\/\/www.azelot.fr\/wp-content\/uploads\/2023\/11\/11-nov-3.jpg\" data-rel=\"lightbox-gallery-3abtJOPl\" data-rl_title=\"\" data-rl_caption=\"\" title=\"\"><img loading=\"lazy\" decoding=\"async\" class=\"size-medium wp-image-11062\" src=\"https:\/\/www.azelot.fr\/wp-content\/uploads\/2023\/11\/11-nov-3-215x300.jpg\" alt=\"\" width=\"215\" height=\"300\" srcset=\"https:\/\/www.azelot.fr\/wp-content\/uploads\/2023\/11\/11-nov-3-215x300.jpg 215w, https:\/\/www.azelot.fr\/wp-content\/uploads\/2023\/11\/11-nov-3-733x1024.jpg 733w, https:\/\/www.azelot.fr\/wp-content\/uploads\/2023\/11\/11-nov-3-768x1072.jpg 768w, https:\/\/www.azelot.fr\/wp-content\/uploads\/2023\/11\/11-nov-3.jpg 772w\" sizes=\"auto, (max-width: 215px) 100vw, 215px\" \/><\/a><\/p>\n<h3>Avec Sixtine Sastre, autre \u00e9lue, membre de la commission fleurissement, ils ont ensuite nomm\u00e9 les laur\u00e9ats des prix d&rsquo;excellence, puis d&rsquo;honneur, pour les maisons fleuries.<\/h3>\n<h3>Chaque laur\u00e9at repartit avec son dipl\u00f4me et son pot de plantes &#8230; grasses \u00e9videmment.<\/h3>\n<p><a href=\"https:\/\/www.azelot.fr\/wp-content\/uploads\/2023\/11\/11-nov-3-bis-scaled.jpg\" data-rel=\"lightbox-gallery-3abtJOPl\" data-rl_title=\"\" data-rl_caption=\"\" title=\"\"><img loading=\"lazy\" decoding=\"async\" class=\" wp-image-11063\" src=\"https:\/\/www.azelot.fr\/wp-content\/uploads\/2023\/11\/11-nov-3-bis-300x160.jpg\" alt=\"\" width=\"416\" height=\"222\" srcset=\"https:\/\/www.azelot.fr\/wp-content\/uploads\/2023\/11\/11-nov-3-bis-300x160.jpg 300w, https:\/\/www.azelot.fr\/wp-content\/uploads\/2023\/11\/11-nov-3-bis-1024x547.jpg 1024w, https:\/\/www.azelot.fr\/wp-content\/uploads\/2023\/11\/11-nov-3-bis-768x410.jpg 768w, https:\/\/www.azelot.fr\/wp-content\/uploads\/2023\/11\/11-nov-3-bis-1536x821.jpg 1536w, https:\/\/www.azelot.fr\/wp-content\/uploads\/2023\/11\/11-nov-3-bis-2048x1095.jpg 2048w, https:\/\/www.azelot.fr\/wp-content\/uploads\/2023\/11\/11-nov-3-bis-1170x625.jpg 1170w\" sizes=\"auto, (max-width: 416px) 100vw, 416px\" \/><\/a><\/p>\n","protected":false},"excerpt":{"rendered":"<p>Cette ann\u00e9e la c\u00e9r\u00e9monie du 11 novembre a permis de comm\u00e9morer comme partout en France la fin de la 1\u00e8re guerre mondiale et de rendre hommage aux morts pour la France. Une gerbe a \u00e9t\u00e9 d\u00e9pos\u00e9e par les \u00e9lus et&#8230;<br \/><a class=\"read-more-button\" href=\"https:\/\/www.azelot.fr\/?p=11056\">Savoir plus<\/a><\/p>\n","protected":false},"author":14,"featured_media":0,"comment_status":"open","ping_status":"open","sticky":false,"template":"","format":"standard","meta":{"activitypub_content_warning":"","activitypub_content_visibility":"","activitypub_max_image_attachments":4,"activitypub_interaction_policy_quote":"","activitypub_status":"","footnotes":""},"categories":[5],"tags":[],"class_list":["post-11056","post","type-post","status-publish","format-standard","hentry","category-foyer-rural"],"_links":{"self":[{"href":"https:\/\/www.azelot.fr\/index.php?rest_route=\/wp\/v2\/posts\/11056","targetHints":{"allow":["GET"]}}],"collection":[{"href":"https:\/\/www.azelot.fr\/index.php?rest_route=\/wp\/v2\/posts"}],"about":[{"href":"https:\/\/www.azelot.fr\/index.php?rest_route=\/wp\/v2\/types\/post"}],"author":[{"embeddable":true,"href":"https:\/\/www.azelot.fr\/index.php?rest_route=\/wp\/v2\/users\/14"}],"replies":[{"embeddable":true,"href":"https:\/\/www.azelot.fr\/index.php?rest_route=%2Fwp%2Fv2%2Fcomments&post=11056"}],"version-history":[{"count":2,"href":"https:\/\/www.azelot.fr\/index.php?rest_route=\/wp\/v2\/posts\/11056\/revisions"}],"predecessor-version":[{"id":11065,"href":"https:\/\/www.azelot.fr\/index.php?rest_route=\/wp\/v2\/posts\/11056\/revisions\/11065"}],"wp:attachment":[{"href":"https:\/\/www.azelot.fr\/index.php?rest_route=%2Fwp%2Fv2%2Fmedia&parent=11056"}],"wp:term":[{"taxonomy":"category","embeddable":true,"href":"https:\/\/www.azelot.fr\/index.php?rest_route=%2Fwp%2Fv2%2Fcategories&post=11056"},{"taxonomy":"post_tag","embeddable":true,"href":"https:\/\/www.azelot.fr\/index.php?rest_route=%2Fwp%2Fv2%2Ftags&post=11056"}],"curies":[{"name":"wp","href":"https:\/\/api.w.org\/{rel}","templated":true}]}}