{"id":10942,"date":"2023-03-16T18:27:23","date_gmt":"2023-03-16T17:27:23","guid":{"rendered":"https:\/\/www.azelot.fr\/?p=10942"},"modified":"2023-03-16T18:27:23","modified_gmt":"2023-03-16T17:27:23","slug":"soiree-lpo-observer-et-proteger-les-oiseaux","status":"publish","type":"post","link":"https:\/\/www.azelot.fr\/?p=10942","title":{"rendered":"SOIREE LPO : observer et prot\u00e9ger les oiseaux"},"content":{"rendered":"<h2>M. Genin, animateur b\u00e9n\u00e9vole de la LPO a r\u00e9uni une trentaine de personnes mardi 14 mars. Cette soir\u00e9e organis\u00e9e par la biblioth\u00e8que du foyer rural avait pour but de sensibiliser les participants \u00e0 la protection des oiseaux et plus largement de l&rsquo;environnement qui leur permet de vivre.<\/h2>\n<h4><a href=\"https:\/\/www.azelot.fr\/wp-content\/uploads\/2023\/03\/photo-LPO-scaled.jpg\" data-rel=\"lightbox-gallery-dwfbGs9F\" data-rl_title=\"\" data-rl_caption=\"\" title=\"\">Le rouge- gorge : le chouchou,\u00a0 mais solitaire parce que trop teigneux pour supporter la compagnie de cong\u00e9n\u00e8res<\/a><a href=\"https:\/\/www.azelot.fr\/wp-content\/uploads\/2023\/03\/photo-LPO-scaled.jpg\" data-rel=\"lightbox-gallery-dwfbGs9F\" data-rl_title=\"\" data-rl_caption=\"\" title=\"\"><img loading=\"lazy\" decoding=\"async\" class=\"alignnone size-medium wp-image-10943\" src=\"https:\/\/www.azelot.fr\/wp-content\/uploads\/2023\/03\/photo-LPO-225x300.jpg\" alt=\"\" width=\"225\" height=\"300\" srcset=\"https:\/\/www.azelot.fr\/wp-content\/uploads\/2023\/03\/photo-LPO-225x300.jpg 225w, https:\/\/www.azelot.fr\/wp-content\/uploads\/2023\/03\/photo-LPO-768x1024.jpg 768w, https:\/\/www.azelot.fr\/wp-content\/uploads\/2023\/03\/photo-LPO-1152x1536.jpg 1152w, https:\/\/www.azelot.fr\/wp-content\/uploads\/2023\/03\/photo-LPO-1536x2048.jpg 1536w, https:\/\/www.azelot.fr\/wp-content\/uploads\/2023\/03\/photo-LPO-1170x1560.jpg 1170w, https:\/\/www.azelot.fr\/wp-content\/uploads\/2023\/03\/photo-LPO-scaled.jpg 1920w\" sizes=\"auto, (max-width: 225px) 100vw, 225px\" \/>\u00a0\u00a0\u00a0\u00a0\u00a0\u00a0\u00a0\u00a0\u00a0\u00a0\u00a0\u00a0\u00a0\u00a0\u00a0\u00a0\u00a0\u00a0\u00a0\u00a0\u00a0\u00a0\u00a0\u00a0\u00a0\u00a0\u00a0\u00a0\u00a0\u00a0\u00a0\u00a0\u00a0\u00a0\u00a0\u00a0\u00a0\u00a0\u00a0\u00a0\u00a0\u00a0\u00a0\u00a0\u00a0\u00a0\u00a0\u00a0\u00a0\u00a0\u00a0\u00a0\u00a0\u00a0\u00a0\u00a0\u00a0\u00a0\u00a0\u00a0\u00a0\u00a0\u00a0\u00a0\u00a0\u00a0\u00a0\u00a0\u00a0\u00a0\u00a0\u00a0\u00a0\u00a0\u00a0\u00a0\u00a0\u00a0\u00a0\u00a0\u00a0<\/a> <a href=\"https:\/\/www.azelot.fr\/wp-content\/uploads\/2023\/03\/soiree-LPO-scaled.jpg\" data-rel=\"lightbox-gallery-dwfbGs9F\" data-rl_title=\"\" data-rl_caption=\"\" title=\"\"><img loading=\"lazy\" decoding=\"async\" class=\" wp-image-10944 aligncenter\" src=\"https:\/\/www.azelot.fr\/wp-content\/uploads\/2023\/03\/soiree-LPO-300x225.jpg\" alt=\"\" width=\"414\" height=\"310\" srcset=\"https:\/\/www.azelot.fr\/wp-content\/uploads\/2023\/03\/soiree-LPO-300x225.jpg 300w, https:\/\/www.azelot.fr\/wp-content\/uploads\/2023\/03\/soiree-LPO-1024x768.jpg 1024w, https:\/\/www.azelot.fr\/wp-content\/uploads\/2023\/03\/soiree-LPO-768x576.jpg 768w, https:\/\/www.azelot.fr\/wp-content\/uploads\/2023\/03\/soiree-LPO-1536x1152.jpg 1536w, https:\/\/www.azelot.fr\/wp-content\/uploads\/2023\/03\/soiree-LPO-2048x1536.jpg 2048w, https:\/\/www.azelot.fr\/wp-content\/uploads\/2023\/03\/soiree-LPO-1170x878.jpg 1170w\" sizes=\"auto, (max-width: 414px) 100vw, 414px\" \/><\/a><\/h4>\n<h3>L&rsquo;assistance attentive a suivi la pr\u00e9sentation des principales esp\u00e8ces pr\u00e9sentes en hiver dans nos jardins et vergers.<\/h3>\n<h3>Au long de sa pr\u00e9sentation, M. Genin s&rsquo;est efforc\u00e9 de donner quelques recommandations sur :<\/h3>\n<ul>\n<li>\n<h3>le nourrissage en hiver : la grande favorite la graine de tournesol (sauf pour le rouge-gorge qui a un bec trop petit et qui pr\u00e9f\u00e8re les baies et les insectes)<\/h3>\n<\/li>\n<li>\n<h3>sur l&rsquo;int\u00e9r\u00eat de laisser une bande non tondue et non retourn\u00e9e pendant au moins 2 ans, dans le jardin afin que les oiseaux disposent de plus de nourriture, notamment d&rsquo;insectes vari\u00e9s<\/h3>\n<\/li>\n<\/ul>\n<h1>Il a\u00a0 \u00e9norm\u00e9ment insist\u00e9 sur les cons\u00e9quences catastrophiques de la destruction des haies ( mais aussi des chemins ) pour la biodiversit\u00e9, la n\u00e9cessit\u00e9 de d\u00e9fendre leur maintien et d&rsquo;en replanter avec des esp\u00e8ces vari\u00e9es.<\/h1>\n<h3>Enfin, il a aussi d\u00e9nonc\u00e9 les cons\u00e9quences catastrophiques\u00a0 de l&rsquo;utilisation des pesticides pour tous et en particulier pour les oiseaux.<\/h3>\n<h3>Les associations de d\u00e9fense de l&rsquo;environnement et les scientifiques ont besoin de donn\u00e9es. Aussi chacun est invit\u00e9 :<\/h3>\n<ul>\n<li>\n<h1>\u00e0 participer au 1er d\u00e9fi du printemps : signaler la 1\u00e8re hirondelle (rustique comme ci-dessous) ou de fen\u00eatre (celles qui nichent sous le bord des toits) et de compter celles qui vont revenir prochainement \u00e0 Azelot<\/h1>\n<\/li>\n<\/ul>\n<h4><a href=\"https:\/\/www.azelot.fr\/wp-content\/uploads\/2023\/03\/hirondelle-rustique.jpg\" data-rel=\"lightbox-gallery-dwfbGs9F\" data-rl_title=\"\" data-rl_caption=\"\" title=\"\">on attend son retour dans les prochains jours<img loading=\"lazy\" decoding=\"async\" class=\"alignnone size-medium wp-image-10945\" src=\"https:\/\/www.azelot.fr\/wp-content\/uploads\/2023\/03\/hirondelle-rustique-300x169.jpg\" alt=\"\" width=\"300\" height=\"169\" srcset=\"https:\/\/www.azelot.fr\/wp-content\/uploads\/2023\/03\/hirondelle-rustique-300x169.jpg 300w, https:\/\/www.azelot.fr\/wp-content\/uploads\/2023\/03\/hirondelle-rustique-1024x576.jpg 1024w, https:\/\/www.azelot.fr\/wp-content\/uploads\/2023\/03\/hirondelle-rustique-768x432.jpg 768w, https:\/\/www.azelot.fr\/wp-content\/uploads\/2023\/03\/hirondelle-rustique-1536x864.jpg 1536w, https:\/\/www.azelot.fr\/wp-content\/uploads\/2023\/03\/hirondelle-rustique-1170x658.jpg 1170w, https:\/\/www.azelot.fr\/wp-content\/uploads\/2023\/03\/hirondelle-rustique.jpg 1920w\" sizes=\"auto, (max-width: 300px) 100vw, 300px\" \/><\/a><\/h4>\n<ul>\n<li>\n<h2>\u00e0 participer au comptage des oiseaux le dernier week-end de mai (27 et 28 mai )<\/h2>\n<\/li>\n<\/ul>\n<h1>Le site de r\u00e9f\u00e9rence pour obtenir de nombreuses informations et transmettre les donn\u00e9es est : faune-lorraine.org<\/h1>\n<h4>Nous avons pr\u00e9vu de constituer un groupe de b\u00e9n\u00e9voles pour coordonner nos observations.<\/h4>\n<p>&nbsp;<\/p>\n<h3><strong>La LPO est une association \u00e0 but non lucratif, \u00e0 laquelle chacun peut adh\u00e9rer<\/strong><\/h3>\n<h3><\/h3>\n<h3><strong>MP Forget<\/strong><\/h3>\n<h4><\/h4>\n","protected":false},"excerpt":{"rendered":"<p>M. Genin, animateur b\u00e9n\u00e9vole de la LPO a r\u00e9uni une trentaine de personnes mardi 14 mars. Cette soir\u00e9e organis\u00e9e par la biblioth\u00e8que du foyer rural avait pour but de sensibiliser les participants \u00e0 la protection des oiseaux et plus largement&#8230;<br \/><a class=\"read-more-button\" href=\"https:\/\/www.azelot.fr\/?p=10942\">Savoir plus<\/a><\/p>\n","protected":false},"author":14,"featured_media":0,"comment_status":"open","ping_status":"open","sticky":false,"template":"","format":"standard","meta":{"activitypub_content_warning":"","activitypub_content_visibility":"","activitypub_max_image_attachments":4,"activitypub_interaction_policy_quote":"","activitypub_status":"","footnotes":""},"categories":[5],"tags":[],"class_list":["post-10942","post","type-post","status-publish","format-standard","hentry","category-foyer-rural"],"_links":{"self":[{"href":"https:\/\/www.azelot.fr\/index.php?rest_route=\/wp\/v2\/posts\/10942","targetHints":{"allow":["GET"]}}],"collection":[{"href":"https:\/\/www.azelot.fr\/index.php?rest_route=\/wp\/v2\/posts"}],"about":[{"href":"https:\/\/www.azelot.fr\/index.php?rest_route=\/wp\/v2\/types\/post"}],"author":[{"embeddable":true,"href":"https:\/\/www.azelot.fr\/index.php?rest_route=\/wp\/v2\/users\/14"}],"replies":[{"embeddable":true,"href":"https:\/\/www.azelot.fr\/index.php?rest_route=%2Fwp%2Fv2%2Fcomments&post=10942"}],"version-history":[{"count":1,"href":"https:\/\/www.azelot.fr\/index.php?rest_route=\/wp\/v2\/posts\/10942\/revisions"}],"predecessor-version":[{"id":10946,"href":"https:\/\/www.azelot.fr\/index.php?rest_route=\/wp\/v2\/posts\/10942\/revisions\/10946"}],"wp:attachment":[{"href":"https:\/\/www.azelot.fr\/index.php?rest_route=%2Fwp%2Fv2%2Fmedia&parent=10942"}],"wp:term":[{"taxonomy":"category","embeddable":true,"href":"https:\/\/www.azelot.fr\/index.php?rest_route=%2Fwp%2Fv2%2Fcategories&post=10942"},{"taxonomy":"post_tag","embeddable":true,"href":"https:\/\/www.azelot.fr\/index.php?rest_route=%2Fwp%2Fv2%2Ftags&post=10942"}],"curies":[{"name":"wp","href":"https:\/\/api.w.org\/{rel}","templated":true}]}}