{"id":10905,"date":"2023-02-28T18:17:57","date_gmt":"2023-02-28T17:17:57","guid":{"rendered":"http:\/\/www.azelot.fr\/?p=10905"},"modified":"2023-02-28T18:17:57","modified_gmt":"2023-02-28T17:17:57","slug":"m-carnaval-revient-a-azelot","status":"publish","type":"post","link":"https:\/\/www.azelot.fr\/?p=10905","title":{"rendered":"M. Carnaval revient \u00e0 Azelot"},"content":{"rendered":"<p>Oyez, oyez, M. Carnaval sera de retour pour le plaisir des petits et des grands le samedi 11 mars \u00e0 14h. Il invite tous les enfants (et les grands aussi) \u00e0 venir d\u00e9ambuler dans les rues du village avec lui. Ils sont tenus de se parer de leurs costumes les plus chamarr\u00e9s pour favoriser le retour du printemps. Quant aux habitants, M. Carnaval leur demande de bien vouloir accueillir les enfants avec quelques friandises pour louer leurs efforts vestimentaires. A l&rsquo;issue de l&rsquo;apr\u00e8s-midi, un go\u00fbter sera offert et M. Carnaval sera br\u00fbl\u00e9 comme le veut la tradition.<\/p>\n<p><a href=\"https:\/\/www.azelot.fr\/wp-content\/uploads\/2023\/02\/Carnaval-2023.jpg\" data-rel=\"lightbox-gallery-bI3mrShJ\" data-rl_title=\"\" data-rl_caption=\"\" title=\"\"><img loading=\"lazy\" decoding=\"async\" class=\"alignnone size-full wp-image-10906\" src=\"https:\/\/www.azelot.fr\/wp-content\/uploads\/2023\/02\/Carnaval-2023.jpg\" alt=\"\" width=\"795\" height=\"1124\" srcset=\"https:\/\/www.azelot.fr\/wp-content\/uploads\/2023\/02\/Carnaval-2023.jpg 795w, https:\/\/www.azelot.fr\/wp-content\/uploads\/2023\/02\/Carnaval-2023-212x300.jpg 212w, https:\/\/www.azelot.fr\/wp-content\/uploads\/2023\/02\/Carnaval-2023-724x1024.jpg 724w, https:\/\/www.azelot.fr\/wp-content\/uploads\/2023\/02\/Carnaval-2023-768x1086.jpg 768w\" sizes=\"auto, (max-width: 795px) 100vw, 795px\" \/><\/a><\/p>\n","protected":false},"excerpt":{"rendered":"<p>Oyez, oyez, M. Carnaval sera de retour pour le plaisir des petits et des grands le samedi 11 mars \u00e0 14h. Il invite tous les enfants (et les grands aussi) \u00e0 venir d\u00e9ambuler dans les rues du village avec lui&#8230;.<br \/><a class=\"read-more-button\" href=\"https:\/\/www.azelot.fr\/?p=10905\">Savoir plus<\/a><\/p>\n","protected":false},"author":3,"featured_media":0,"comment_status":"open","ping_status":"open","sticky":false,"template":"","format":"standard","meta":{"activitypub_content_warning":"","activitypub_content_visibility":"","activitypub_max_image_attachments":4,"activitypub_interaction_policy_quote":"","activitypub_status":"","footnotes":""},"categories":[5],"tags":[],"class_list":["post-10905","post","type-post","status-publish","format-standard","hentry","category-foyer-rural"],"_links":{"self":[{"href":"https:\/\/www.azelot.fr\/index.php?rest_route=\/wp\/v2\/posts\/10905","targetHints":{"allow":["GET"]}}],"collection":[{"href":"https:\/\/www.azelot.fr\/index.php?rest_route=\/wp\/v2\/posts"}],"about":[{"href":"https:\/\/www.azelot.fr\/index.php?rest_route=\/wp\/v2\/types\/post"}],"author":[{"embeddable":true,"href":"https:\/\/www.azelot.fr\/index.php?rest_route=\/wp\/v2\/users\/3"}],"replies":[{"embeddable":true,"href":"https:\/\/www.azelot.fr\/index.php?rest_route=%2Fwp%2Fv2%2Fcomments&post=10905"}],"version-history":[{"count":1,"href":"https:\/\/www.azelot.fr\/index.php?rest_route=\/wp\/v2\/posts\/10905\/revisions"}],"predecessor-version":[{"id":10907,"href":"https:\/\/www.azelot.fr\/index.php?rest_route=\/wp\/v2\/posts\/10905\/revisions\/10907"}],"wp:attachment":[{"href":"https:\/\/www.azelot.fr\/index.php?rest_route=%2Fwp%2Fv2%2Fmedia&parent=10905"}],"wp:term":[{"taxonomy":"category","embeddable":true,"href":"https:\/\/www.azelot.fr\/index.php?rest_route=%2Fwp%2Fv2%2Fcategories&post=10905"},{"taxonomy":"post_tag","embeddable":true,"href":"https:\/\/www.azelot.fr\/index.php?rest_route=%2Fwp%2Fv2%2Ftags&post=10905"}],"curies":[{"name":"wp","href":"https:\/\/api.w.org\/{rel}","templated":true}]}}