{"id":109,"date":"2011-05-23T11:43:53","date_gmt":"2011-05-23T09:43:53","guid":{"rendered":"http:\/\/test.azelot.fr\/?p=109"},"modified":"2012-04-24T05:33:36","modified_gmt":"2012-04-24T03:33:36","slug":"randonee-dans-les-vosges","status":"publish","type":"post","link":"https:\/\/www.azelot.fr\/?p=109","title":{"rendered":"Randon\u00e9e dans les Vosges"},"content":{"rendered":"<p>Samedi, d\u00e8s 8 h 30, nous \u00e9tions 17 \u00e0 prendre la direction des Vosges. Apr\u00e8s environ 1 h 30 de route nous arrivions au col du Calvaire. Le temps d&rsquo;enfiler les chaussures de marche et la petite troupe prenait la direction du Lac Blanc en suivant le balisage \u00ab\u00a0cercle rouge\u00a0\u00bb.<!--more--> Malgr\u00e9 une petite averse qui nous obligea \u00e0 nous abriter quelques instants sous les arbres, le moral \u00e9tait toujours au beau fixe. Aux environs de midi, nous arrivions \u00e0 la ferme auberge de la TINFRONCE o\u00f9 nous attendaient un bon feu et un bon repas. Cette petite halte permettait d&rsquo;\u00eatre en pleine forme pour repartir sur les chemins balis\u00e9s de la for\u00eat du Bonhomme pour la balade digestive.<\/p>\n<p>Le retour vers Azelot pouvait se faire tranquillement en fin d&rsquo;apr\u00e8s-midi.<\/p>\n<p>Tout le monde a bien appr\u00e9ci\u00e9 cette journ\u00e9e de marche conviviale, et attend la prochaine.<\/p>\n<p>&nbsp;<\/p>\n<p><a href=\"https:\/\/www.azelot.fr\/wp-content\/uploads\/2012\/04\/001_01.jpg\" data-rel=\"lightbox-gallery-VkqCwaq8\" data-rl_title=\"\" data-rl_caption=\"\"><img loading=\"lazy\" decoding=\"async\" class=\"alignnone size-full wp-image-110\" title=\"\" src=\"https:\/\/www.azelot.fr\/wp-content\/uploads\/2012\/04\/001_01.jpg\" alt=\"\" width=\"680\" height=\"510\" srcset=\"https:\/\/www.azelot.fr\/wp-content\/uploads\/2012\/04\/001_01.jpg 680w, https:\/\/www.azelot.fr\/wp-content\/uploads\/2012\/04\/001_01-300x225.jpg 300w\" sizes=\"auto, (max-width: 680px) 100vw, 680px\" \/><\/a><\/p>\n","protected":false},"excerpt":{"rendered":"<p>Samedi, d\u00e8s 8 h 30, nous \u00e9tions 17 \u00e0 prendre la direction des Vosges. Apr\u00e8s environ 1 h 30 de route nous arrivions au col du Calvaire. Le temps d&rsquo;enfiler les chaussures de marche et la petite troupe prenait la&#8230;<br \/><a class=\"read-more-button\" href=\"https:\/\/www.azelot.fr\/?p=109\">Savoir plus<\/a><\/p>\n","protected":false},"author":2,"featured_media":0,"comment_status":"open","ping_status":"open","sticky":false,"template":"","format":"standard","meta":{"activitypub_content_warning":"","activitypub_content_visibility":"","activitypub_max_image_attachments":4,"activitypub_interaction_policy_quote":"","activitypub_status":"","footnotes":""},"categories":[5],"tags":[11,15,13,14,12],"class_list":["post-109","post","type-post","status-publish","format-standard","hentry","category-foyer-rural","tag-compte-rendu","tag-nature","tag-randonnee","tag-sortie","tag-vosges"],"_links":{"self":[{"href":"https:\/\/www.azelot.fr\/index.php?rest_route=\/wp\/v2\/posts\/109","targetHints":{"allow":["GET"]}}],"collection":[{"href":"https:\/\/www.azelot.fr\/index.php?rest_route=\/wp\/v2\/posts"}],"about":[{"href":"https:\/\/www.azelot.fr\/index.php?rest_route=\/wp\/v2\/types\/post"}],"author":[{"embeddable":true,"href":"https:\/\/www.azelot.fr\/index.php?rest_route=\/wp\/v2\/users\/2"}],"replies":[{"embeddable":true,"href":"https:\/\/www.azelot.fr\/index.php?rest_route=%2Fwp%2Fv2%2Fcomments&post=109"}],"version-history":[{"count":4,"href":"https:\/\/www.azelot.fr\/index.php?rest_route=\/wp\/v2\/posts\/109\/revisions"}],"predecessor-version":[{"id":116,"href":"https:\/\/www.azelot.fr\/index.php?rest_route=\/wp\/v2\/posts\/109\/revisions\/116"}],"wp:attachment":[{"href":"https:\/\/www.azelot.fr\/index.php?rest_route=%2Fwp%2Fv2%2Fmedia&parent=109"}],"wp:term":[{"taxonomy":"category","embeddable":true,"href":"https:\/\/www.azelot.fr\/index.php?rest_route=%2Fwp%2Fv2%2Fcategories&post=109"},{"taxonomy":"post_tag","embeddable":true,"href":"https:\/\/www.azelot.fr\/index.php?rest_route=%2Fwp%2Fv2%2Ftags&post=109"}],"curies":[{"name":"wp","href":"https:\/\/api.w.org\/{rel}","templated":true}]}}