{"id":10794,"date":"2022-11-10T18:39:39","date_gmt":"2022-11-10T17:39:39","guid":{"rendered":"https:\/\/www.azelot.fr\/?p=10794"},"modified":"2022-11-10T18:39:39","modified_gmt":"2022-11-10T17:39:39","slug":"animation-mangas","status":"publish","type":"post","link":"https:\/\/www.azelot.fr\/?p=10794","title":{"rendered":"Animation mangas"},"content":{"rendered":"<p><a href=\"https:\/\/www.azelot.fr\/wp-content\/uploads\/2022\/11\/Animation-mangas-scaled.jpg\" data-rel=\"lightbox-gallery-F5dEnBr6\" data-rl_title=\"\" data-rl_caption=\"\" title=\"\"><img loading=\"lazy\" decoding=\"async\" class=\"alignnone size-medium wp-image-10795\" src=\"https:\/\/www.azelot.fr\/wp-content\/uploads\/2022\/11\/Animation-mangas-300x225.jpg\" alt=\"\" width=\"300\" height=\"225\" srcset=\"https:\/\/www.azelot.fr\/wp-content\/uploads\/2022\/11\/Animation-mangas-300x225.jpg 300w, https:\/\/www.azelot.fr\/wp-content\/uploads\/2022\/11\/Animation-mangas-1024x768.jpg 1024w, https:\/\/www.azelot.fr\/wp-content\/uploads\/2022\/11\/Animation-mangas-768x576.jpg 768w, https:\/\/www.azelot.fr\/wp-content\/uploads\/2022\/11\/Animation-mangas-1536x1152.jpg 1536w, https:\/\/www.azelot.fr\/wp-content\/uploads\/2022\/11\/Animation-mangas-2048x1536.jpg 2048w, https:\/\/www.azelot.fr\/wp-content\/uploads\/2022\/11\/Animation-mangas-1170x878.jpg 1170w\" sizes=\"auto, (max-width: 300px) 100vw, 300px\" \/><\/a><\/p>\n<h2>Ce mercredi dans le cadre des animations de la biblioth\u00e8que du foyer, V\u00e9ronique a propos\u00e9\u00a0 aux 6-12 ans une initiation \u00e0 la lecture des mangas et les a aid\u00e9s \u00e0 choisir parmi une grande vari\u00e9t\u00e9 de titres.<\/h2>\n<h2>La s\u00e9ance s&rsquo;est termin\u00e9e par la r\u00e9alisation d&rsquo;une carte color\u00e9e d&rsquo;inspiration manga, que les jeunes lecteurs ont pu emporter avec les nouveaux livres qu&rsquo;ils avaient choisis.<\/h2>\n<h2>Pour enrichir son choix d&rsquo;ouvrages disponibles au pr\u00eat, la biblioth\u00e8que s&rsquo;est procur\u00e9 des mangas adultes, ados et enfants qui viennent compl\u00e9ter les BD adultes et enfants disponibles.<\/h2>\n<h2>N&rsquo;h\u00e9sitez pas \u00e0 venir d\u00e9couvrir ces livres, un mercredi de 17 \u00e0 19 H.<\/h2>\n","protected":false},"excerpt":{"rendered":"<p>Ce mercredi dans le cadre des animations de la biblioth\u00e8que du foyer, V\u00e9ronique a propos\u00e9\u00a0 aux 6-12 ans une initiation \u00e0 la lecture des mangas et les a aid\u00e9s \u00e0 choisir parmi une grande vari\u00e9t\u00e9 de titres. La s\u00e9ance s&rsquo;est&#8230;<br \/><a class=\"read-more-button\" href=\"https:\/\/www.azelot.fr\/?p=10794\">Savoir plus<\/a><\/p>\n","protected":false},"author":14,"featured_media":0,"comment_status":"open","ping_status":"open","sticky":false,"template":"","format":"standard","meta":{"activitypub_content_warning":"","activitypub_content_visibility":"","activitypub_max_image_attachments":4,"activitypub_interaction_policy_quote":"","activitypub_status":"","footnotes":""},"categories":[5],"tags":[],"class_list":["post-10794","post","type-post","status-publish","format-standard","hentry","category-foyer-rural"],"_links":{"self":[{"href":"https:\/\/www.azelot.fr\/index.php?rest_route=\/wp\/v2\/posts\/10794","targetHints":{"allow":["GET"]}}],"collection":[{"href":"https:\/\/www.azelot.fr\/index.php?rest_route=\/wp\/v2\/posts"}],"about":[{"href":"https:\/\/www.azelot.fr\/index.php?rest_route=\/wp\/v2\/types\/post"}],"author":[{"embeddable":true,"href":"https:\/\/www.azelot.fr\/index.php?rest_route=\/wp\/v2\/users\/14"}],"replies":[{"embeddable":true,"href":"https:\/\/www.azelot.fr\/index.php?rest_route=%2Fwp%2Fv2%2Fcomments&post=10794"}],"version-history":[{"count":1,"href":"https:\/\/www.azelot.fr\/index.php?rest_route=\/wp\/v2\/posts\/10794\/revisions"}],"predecessor-version":[{"id":10796,"href":"https:\/\/www.azelot.fr\/index.php?rest_route=\/wp\/v2\/posts\/10794\/revisions\/10796"}],"wp:attachment":[{"href":"https:\/\/www.azelot.fr\/index.php?rest_route=%2Fwp%2Fv2%2Fmedia&parent=10794"}],"wp:term":[{"taxonomy":"category","embeddable":true,"href":"https:\/\/www.azelot.fr\/index.php?rest_route=%2Fwp%2Fv2%2Fcategories&post=10794"},{"taxonomy":"post_tag","embeddable":true,"href":"https:\/\/www.azelot.fr\/index.php?rest_route=%2Fwp%2Fv2%2Ftags&post=10794"}],"curies":[{"name":"wp","href":"https:\/\/api.w.org\/{rel}","templated":true}]}}