{"id":10707,"date":"2022-10-03T13:34:58","date_gmt":"2022-10-03T11:34:58","guid":{"rendered":"http:\/\/www.azelot.fr\/?p=10707"},"modified":"2022-10-03T13:36:44","modified_gmt":"2022-10-03T11:36:44","slug":"les-ptits-boucs-le-rendez-vous-mensuel-des-petits-lecteurs","status":"publish","type":"post","link":"https:\/\/www.azelot.fr\/?p=10707","title":{"rendered":"Les \u00ab\u00a0p&rsquo;tits boucs\u00a0\u00bb, le rendez-vous mensuel des petits lecteurs !"},"content":{"rendered":"<p>Ce mercredi 28 Septembre 2022, \u00e0 17h, il y avait de l&rsquo;animation au 1er \u00e9tage de la mairie, dans la biblioth\u00e8que!<\/p>\n<p><strong><span style=\"color: #0000ff;\">Et pour cause ! C&rsquo;\u00e9tait la premi\u00e8re des \u00ab\u00a0P&rsquo;tits boucs\u00a0\u00bb d&rsquo; Azelot ! <\/span><\/strong><a href=\"https:\/\/www.azelot.fr\/wp-content\/uploads\/2022\/10\/IMG_20220929_093635_01.jpg\" data-rel=\"lightbox-gallery-hc3zWVFx\" data-rl_title=\"\" data-rl_caption=\"\" title=\"\"><img loading=\"lazy\" decoding=\"async\" class=\"alignnone wp-image-10708 size-full\" src=\"https:\/\/www.azelot.fr\/wp-content\/uploads\/2022\/10\/IMG_20220929_093635_01.jpg\" alt=\"\" width=\"360\" height=\"165\" srcset=\"https:\/\/www.azelot.fr\/wp-content\/uploads\/2022\/10\/IMG_20220929_093635_01.jpg 360w, https:\/\/www.azelot.fr\/wp-content\/uploads\/2022\/10\/IMG_20220929_093635_01-300x138.jpg 300w\" sizes=\"auto, (max-width: 360px) 100vw, 360px\" \/><\/a><\/p>\n<p><strong>Mais, au fait, c&rsquo;est quoi, les \u00ab\u00a0p&rsquo;tits boucs\u00a0\u00bb?!<\/strong><\/p>\n<p>Bien, c&rsquo;est une animation destin\u00e9e aux enfants de 2 et demi jusqu&rsquo;\u00e0 8 ans environ.<\/p>\n<p><strong>\u00c7a se passe comment?!<\/strong><\/p>\n<p>Tout commence par la lecture cont\u00e9e d&rsquo;une histoire. Chaque mois, le th\u00e8me change! Et ensuite, aid\u00e9s par les b\u00e9n\u00e9voles, les enfants cr\u00e9ent un objet en rapport avec le livre lu.<\/p>\n<p><strong>C&rsquo;est quand, o\u00f9, comment?!<\/strong><\/p>\n<p>C&rsquo;est <strong>un rendez-vous mensuel<\/strong>, qui a lieu de 17H \u00e0 18H. Les dates sont affich\u00e9es pour l&rsquo;ann\u00e9e \u00e0 la biblioth\u00e8que, mais une affiche rappelle \u00e9galement la prochaine s\u00e9ance sur la porte de la biblioth\u00e8que ainsi que sous le lavoir du village, pr\u00e8s de l&rsquo;arr\u00eat de bus !<\/p>\n<p>La lecture se fait \u00e0 la biblioth\u00e8que, au 1er \u00e9tage de la mairie, et les activit\u00e9s manuelles se d\u00e9roulent dans une pi\u00e8ce situ\u00e9e \u00e0 c\u00f4t\u00e9.<\/p>\n<p>Pour venir, pas besoin de s&rsquo;inscrire! Il suffit d&rsquo;arriver \u00e0 la s\u00e9ance pour 17H.<\/p>\n<p><strong>Et..on paye ?!<\/strong><\/p>\n<p>Non ! L&rsquo;activit\u00e9 est totalement <strong>gratuite<\/strong> ! Nous demandons seulement la carte des Foyers Ruraux pour une question d&rsquo;assurance.<\/p>\n<p>&#8230;&#8230;<\/p>\n<p>&#8230;&#8230;&#8230;&#8230;&#8230;<\/p>\n<p>&#8230;&#8230;&#8230;&#8230;&#8230;Pssstttttt !!!!!&#8230;&#8230;&#8230;&#8230;&#8230;&#8230;&#8230;&#8230;&#8230;&#8230;.<\/p>\n<p>&#8230;&#8230;&#8230;&#8230;&#8230;&#8230;&#8230;&#8230;&#8230;&#8230;&#8230;&#8230;&#8230;&#8230;&#8230;&#8230;&#8230;&#8230;<\/p>\n<p>Et vous savez quoi?\u00a0 Mon petit doigt m&rsquo;a dit que la prochaine animation des \u00ab\u00a0P&rsquo;tits boucs\u00a0\u00bb aura lieu le <span style=\"color: #ff0000;\">Mercredi 19 Octobre, de 17H \u00e0 18H, et aura pour th\u00e8me Halloween !!!<\/span>&#8230;.<\/p>\n<p>&nbsp;<\/p>\n","protected":false},"excerpt":{"rendered":"<p>Ce mercredi 28 Septembre 2022, \u00e0 17h, il y avait de l&rsquo;animation au 1er \u00e9tage de la mairie, dans la biblioth\u00e8que! Et pour cause ! C&rsquo;\u00e9tait la premi\u00e8re des \u00ab\u00a0P&rsquo;tits boucs\u00a0\u00bb d&rsquo; Azelot ! Mais, au fait, c&rsquo;est quoi, les&#8230;<br \/><a class=\"read-more-button\" href=\"https:\/\/www.azelot.fr\/?p=10707\">Savoir plus<\/a><\/p>\n","protected":false},"author":17,"featured_media":0,"comment_status":"open","ping_status":"open","sticky":false,"template":"","format":"standard","meta":{"activitypub_content_warning":"","activitypub_content_visibility":"","activitypub_max_image_attachments":4,"activitypub_interaction_policy_quote":"","activitypub_status":"","footnotes":""},"categories":[221,238],"tags":[],"class_list":["post-10707","post","type-post","status-publish","format-standard","hentry","category-bibliotheque","category-ptits-boucs"],"_links":{"self":[{"href":"https:\/\/www.azelot.fr\/index.php?rest_route=\/wp\/v2\/posts\/10707","targetHints":{"allow":["GET"]}}],"collection":[{"href":"https:\/\/www.azelot.fr\/index.php?rest_route=\/wp\/v2\/posts"}],"about":[{"href":"https:\/\/www.azelot.fr\/index.php?rest_route=\/wp\/v2\/types\/post"}],"author":[{"embeddable":true,"href":"https:\/\/www.azelot.fr\/index.php?rest_route=\/wp\/v2\/users\/17"}],"replies":[{"embeddable":true,"href":"https:\/\/www.azelot.fr\/index.php?rest_route=%2Fwp%2Fv2%2Fcomments&post=10707"}],"version-history":[{"count":3,"href":"https:\/\/www.azelot.fr\/index.php?rest_route=\/wp\/v2\/posts\/10707\/revisions"}],"predecessor-version":[{"id":10711,"href":"https:\/\/www.azelot.fr\/index.php?rest_route=\/wp\/v2\/posts\/10707\/revisions\/10711"}],"wp:attachment":[{"href":"https:\/\/www.azelot.fr\/index.php?rest_route=%2Fwp%2Fv2%2Fmedia&parent=10707"}],"wp:term":[{"taxonomy":"category","embeddable":true,"href":"https:\/\/www.azelot.fr\/index.php?rest_route=%2Fwp%2Fv2%2Fcategories&post=10707"},{"taxonomy":"post_tag","embeddable":true,"href":"https:\/\/www.azelot.fr\/index.php?rest_route=%2Fwp%2Fv2%2Ftags&post=10707"}],"curies":[{"name":"wp","href":"https:\/\/api.w.org\/{rel}","templated":true}]}}