{"id":10692,"date":"2022-09-26T11:39:45","date_gmt":"2022-09-26T09:39:45","guid":{"rendered":"http:\/\/www.azelot.fr\/?p=10692"},"modified":"2022-09-26T11:39:45","modified_gmt":"2022-09-26T09:39:45","slug":"operation-brioches-de-lamitie-2022-pour-soutenir-laeim-adapei54-qui-accompagne-le-handicap-intellectuel","status":"publish","type":"post","link":"https:\/\/www.azelot.fr\/?p=10692","title":{"rendered":"Op\u00e9ration \u00ab\u00a0BRIOCHES de l\u2019AMITIE\u00a0\u00bb 2022 : pour soutenir l&rsquo;AEIM-ADAPEI54 (qui accompagne le handicap intellectuel)"},"content":{"rendered":"<p><a href=\"https:\/\/www.azelot.fr\/wp-content\/uploads\/2022\/09\/BriochesAEIM_tract.png\" data-rel=\"lightbox-gallery-1y16vRqL\" data-rl_title=\"\" data-rl_caption=\"\" title=\"\"><img loading=\"lazy\" decoding=\"async\" class=\"wp-image-10697 aligncenter\" src=\"https:\/\/www.azelot.fr\/wp-content\/uploads\/2022\/09\/BriochesAEIM_tract-300x218.png\" alt=\"\" width=\"945\" height=\"687\" srcset=\"https:\/\/www.azelot.fr\/wp-content\/uploads\/2022\/09\/BriochesAEIM_tract-300x218.png 300w, https:\/\/www.azelot.fr\/wp-content\/uploads\/2022\/09\/BriochesAEIM_tract-1024x744.png 1024w, https:\/\/www.azelot.fr\/wp-content\/uploads\/2022\/09\/BriochesAEIM_tract-768x558.png 768w, https:\/\/www.azelot.fr\/wp-content\/uploads\/2022\/09\/BriochesAEIM_tract-1536x1116.png 1536w, https:\/\/www.azelot.fr\/wp-content\/uploads\/2022\/09\/BriochesAEIM_tract-2048x1488.png 2048w, https:\/\/www.azelot.fr\/wp-content\/uploads\/2022\/09\/BriochesAEIM_tract-1170x850.png 1170w\" sizes=\"auto, (max-width: 945px) 100vw, 945px\" \/><\/a><\/p>\n<p><strong>L\u2019AEIM-Adapei 54<\/strong> accueille et accompagne <strong>enfants et adultes en situation de handicap intellectuel<\/strong>, dans ses \u00e9tablissements comme en milieu ordinaire. Cr\u00e9\u00e9 en 1957 \u00e0 l&rsquo;initiative de parents soucieux de l&rsquo;avenir de leurs enfants, l&rsquo;association conserve et revendique ce caract\u00e8re familial.<\/p>\n<p>Depuis plus de 45 ans, l\u2019AEIM-Adapei 54 organise sa <strong>traditionnelle \u00ab\u00a0Op\u00e9rations brioches de l\u2019amiti\u00e9\u00a0\u00bb<\/strong> sur tout le d\u00e9partement de Meurthe-et-Moselle :\u00a0 vente de brioches pour financer des actions.<\/p>\n<p><strong><span style=\"color: #ff0000;\">Vous pouvez soutenir l&rsquo;op\u00e9ration, en achetant une ou plusieurs brioches (5 \u20ac la brioche). <\/span><\/strong><\/p>\n<p><strong><span style=\"color: #ff0000;\">Sur Azelot, commande et r\u00e9cup\u00e9ration de brioches se feront sur place. V<\/span><\/strong><strong><span style=\"color: #ff0000;\">ous pouvez commander avant le vendredi 30 septembre 2022 \u00e0 18h00 :<\/span><br \/>\n<\/strong><\/p>\n<p><strong>&#8211; soit en envoyant un mail (courriel)\u00a0\u00a0\u00a0\u00a0 <\/strong>de sujet <strong>\u00ab <em>Op\u00e9ration brioche de l&rsquo;amiti\u00e9<\/em> \u00bb<\/strong> \u00a0\u00a0\u00a0\u00a0\u00a0\u00a0 \u00e0 <strong>Mme TACAIL Odile \u00a0 \u00a0 \u00a0 \u00a0\u00a0<\/strong> <strong><a href=\"&#x6d;&#97;i&#x6c;&#116;o&#x3a;&#x6a;e&#x61;&#x6e;&#45;m&#x61;&#114;i&#x65;&#x2e;t&#x61;&#x63;&#97;i&#x6c;&#64;o&#x72;&#x61;n&#x67;&#x65;&#46;f&#x72;\">&#106;&#x65;a&#x6e;-&#x6d;a&#114;&#x69;e&#x2e;t&#x61;c&#97;&#x69;l&#x40;o&#x72;a&#110;&#x67;e&#x2e;f&#x72;<\/a><\/strong><\/p>\n<p><strong>&#8211; soit en appelant par t\u00e9l\u00e9phone\u00a0\u00a0\u00a0\u00a0\u00a0\u00a0\u00a0\u00a0\u00a0\u00a0\u00a0 au 06 84 71 04 96\u00a0 ou\u00a0 au 03 83 46 89 60<\/strong><\/p>\n<p><span style=\"color: #ff0000;\"><strong>Pour r\u00e9cup\u00e9rer vos brioches command\u00e9es, le samedi 8 octobre 2022 entre 10h et 11h30 :<\/strong><\/span><\/p>\n<p><strong>&#8211; venez \u00e0 la salle communale d&rsquo;Azelot<\/strong><\/p>\n<p><strong>&#8211; r\u00e9gez avec un ch\u00e8que \u00e0 l&rsquo;ordre de \u00ab\u00a0Op\u00e9ration brioche AEIM\u00a0\u00bb ou avec la somme exacte en esp\u00e8ce (pas de monnaie \u00e0 rendre).<\/strong><\/p>\n<h2 style=\"text-align: center;\"><span style=\"color: #ff0000;\"><strong><em>Pour vous, ce n\u2019est qu\u2019une brioche. Pour eux, c\u2019est un nouvel espace de vie.<\/em><\/strong><\/span><\/h2>\n<h3 style=\"text-align: center;\"><em><strong>Merci d\u2019avance pour votre soutien.<\/strong><\/em><\/h3>\n","protected":false},"excerpt":{"rendered":"<p>L\u2019AEIM-Adapei 54 accueille et accompagne enfants et adultes en situation de handicap intellectuel, dans ses \u00e9tablissements comme en milieu ordinaire. Cr\u00e9\u00e9 en 1957 \u00e0 l&rsquo;initiative de parents soucieux de l&rsquo;avenir de leurs enfants, l&rsquo;association conserve et revendique ce caract\u00e8re familial&#8230;.<br \/><a class=\"read-more-button\" href=\"https:\/\/www.azelot.fr\/?p=10692\">Savoir plus<\/a><\/p>\n","protected":false},"author":12,"featured_media":0,"comment_status":"open","ping_status":"open","sticky":false,"template":"","format":"standard","meta":{"activitypub_content_warning":"","activitypub_content_visibility":"","activitypub_max_image_attachments":4,"activitypub_interaction_policy_quote":"","activitypub_status":"","footnotes":""},"categories":[4],"tags":[],"class_list":["post-10692","post","type-post","status-publish","format-standard","hentry","category-mairie"],"_links":{"self":[{"href":"https:\/\/www.azelot.fr\/index.php?rest_route=\/wp\/v2\/posts\/10692","targetHints":{"allow":["GET"]}}],"collection":[{"href":"https:\/\/www.azelot.fr\/index.php?rest_route=\/wp\/v2\/posts"}],"about":[{"href":"https:\/\/www.azelot.fr\/index.php?rest_route=\/wp\/v2\/types\/post"}],"author":[{"embeddable":true,"href":"https:\/\/www.azelot.fr\/index.php?rest_route=\/wp\/v2\/users\/12"}],"replies":[{"embeddable":true,"href":"https:\/\/www.azelot.fr\/index.php?rest_route=%2Fwp%2Fv2%2Fcomments&post=10692"}],"version-history":[{"count":5,"href":"https:\/\/www.azelot.fr\/index.php?rest_route=\/wp\/v2\/posts\/10692\/revisions"}],"predecessor-version":[{"id":10698,"href":"https:\/\/www.azelot.fr\/index.php?rest_route=\/wp\/v2\/posts\/10692\/revisions\/10698"}],"wp:attachment":[{"href":"https:\/\/www.azelot.fr\/index.php?rest_route=%2Fwp%2Fv2%2Fmedia&parent=10692"}],"wp:term":[{"taxonomy":"category","embeddable":true,"href":"https:\/\/www.azelot.fr\/index.php?rest_route=%2Fwp%2Fv2%2Fcategories&post=10692"},{"taxonomy":"post_tag","embeddable":true,"href":"https:\/\/www.azelot.fr\/index.php?rest_route=%2Fwp%2Fv2%2Ftags&post=10692"}],"curies":[{"name":"wp","href":"https:\/\/api.w.org\/{rel}","templated":true}]}}