{"id":10677,"date":"2022-09-08T12:33:42","date_gmt":"2022-09-08T10:33:42","guid":{"rendered":"http:\/\/www.azelot.fr\/?p=10677"},"modified":"2022-09-08T12:33:42","modified_gmt":"2022-09-08T10:33:42","slug":"secheresse-la-meurthe-et-moselle-est-passee-en-situation-de-crise","status":"publish","type":"post","link":"https:\/\/www.azelot.fr\/?p=10677","title":{"rendered":"S\u00c9CHERESSE : la Meurthe-et-Moselle est pass\u00e9e en \u00ab\u00a0situation de crise\u00a0\u00bb"},"content":{"rendered":"<p>&nbsp;<\/p>\n<table style=\"height: 266px;\" width=\"1340\">\n<tbody>\n<tr>\n<td width=\"243\">\n<table style=\"height: 99px;\" width=\"464\">\n<tbody>\n<tr>\n<td width=\"15\"><\/td>\n<td width=\"165\">&nbsp;<\/p>\n<p>&nbsp;<\/td>\n<\/tr>\n<\/tbody>\n<\/table>\n<\/td>\n<td width=\"406\">\n<h1><\/h1>\n<h1><\/h1>\n<h1><strong>Alerte s\u00e9cheresse<\/strong><\/h1>\n<p>&nbsp;<\/p>\n<h3>D\u00e9cision de M. le Pr\u00e9fet<br \/>\nde Meurthe-et-Moselle<\/h3>\n<\/td>\n<\/tr>\n<\/tbody>\n<\/table>\n<h3>1\/ Interdiction de lavage des voitures m\u00eame dans les stations de lavage.<\/h3>\n<h3>2\/ Interdiction de remplissage des piscines priv\u00e9es ou publiques.<\/h3>\n<h3>3\/ Interdiction de nettoyage des espaces ext\u00e9rieurs (voiries, terrasses, fa\u00e7ades\u2026).<\/h3>\n<h3>4\/ Interdiction d\u2019arrosage des pelouses, jardins, espaces verts publics et terrains de sport.<\/h3>\n<h3>5\/ Interdiction d&rsquo;irriguer les cultures par aspersion.<\/h3>\n<p style=\"text-align: center;\"><a href=\"https:\/\/www.azelot.fr\/wp-content\/uploads\/2022\/09\/Secheresse_dept54.png\" data-rel=\"lightbox-gallery-Paq63ZNP\" data-rl_title=\"\" data-rl_caption=\"\" title=\"\"><img loading=\"lazy\" decoding=\"async\" class=\"alignnone  wp-image-10679\" src=\"https:\/\/www.azelot.fr\/wp-content\/uploads\/2022\/09\/Secheresse_dept54-212x300.png\" alt=\"\" width=\"436\" height=\"616\" srcset=\"https:\/\/www.azelot.fr\/wp-content\/uploads\/2022\/09\/Secheresse_dept54-212x300.png 212w, https:\/\/www.azelot.fr\/wp-content\/uploads\/2022\/09\/Secheresse_dept54.png 606w\" sizes=\"auto, (max-width: 436px) 100vw, 436px\" \/><\/a><\/p>\n","protected":false},"excerpt":{"rendered":"<p>&nbsp; &nbsp; &nbsp; Alerte s\u00e9cheresse &nbsp; D\u00e9cision de M. le Pr\u00e9fet de Meurthe-et-Moselle 1\/ Interdiction de lavage des voitures m\u00eame dans les stations de lavage. 2\/ Interdiction de remplissage des piscines priv\u00e9es ou publiques. 3\/ Interdiction de nettoyage des espaces&#8230;<br \/><a class=\"read-more-button\" href=\"https:\/\/www.azelot.fr\/?p=10677\">Savoir plus<\/a><\/p>\n","protected":false},"author":12,"featured_media":0,"comment_status":"open","ping_status":"open","sticky":false,"template":"","format":"standard","meta":{"activitypub_content_warning":"","activitypub_content_visibility":"","activitypub_max_image_attachments":4,"activitypub_interaction_policy_quote":"","activitypub_status":"","footnotes":""},"categories":[4],"tags":[],"class_list":["post-10677","post","type-post","status-publish","format-standard","hentry","category-mairie"],"_links":{"self":[{"href":"https:\/\/www.azelot.fr\/index.php?rest_route=\/wp\/v2\/posts\/10677","targetHints":{"allow":["GET"]}}],"collection":[{"href":"https:\/\/www.azelot.fr\/index.php?rest_route=\/wp\/v2\/posts"}],"about":[{"href":"https:\/\/www.azelot.fr\/index.php?rest_route=\/wp\/v2\/types\/post"}],"author":[{"embeddable":true,"href":"https:\/\/www.azelot.fr\/index.php?rest_route=\/wp\/v2\/users\/12"}],"replies":[{"embeddable":true,"href":"https:\/\/www.azelot.fr\/index.php?rest_route=%2Fwp%2Fv2%2Fcomments&post=10677"}],"version-history":[{"count":7,"href":"https:\/\/www.azelot.fr\/index.php?rest_route=\/wp\/v2\/posts\/10677\/revisions"}],"predecessor-version":[{"id":10685,"href":"https:\/\/www.azelot.fr\/index.php?rest_route=\/wp\/v2\/posts\/10677\/revisions\/10685"}],"wp:attachment":[{"href":"https:\/\/www.azelot.fr\/index.php?rest_route=%2Fwp%2Fv2%2Fmedia&parent=10677"}],"wp:term":[{"taxonomy":"category","embeddable":true,"href":"https:\/\/www.azelot.fr\/index.php?rest_route=%2Fwp%2Fv2%2Fcategories&post=10677"},{"taxonomy":"post_tag","embeddable":true,"href":"https:\/\/www.azelot.fr\/index.php?rest_route=%2Fwp%2Fv2%2Ftags&post=10677"}],"curies":[{"name":"wp","href":"https:\/\/api.w.org\/{rel}","templated":true}]}}