{"id":10030,"date":"2021-12-13T18:54:10","date_gmt":"2021-12-13T17:54:10","guid":{"rendered":"http:\/\/www.azelot.fr\/?p=10030"},"modified":"2021-12-13T18:54:10","modified_gmt":"2021-12-13T17:54:10","slug":"spectacle-pour-petits-et-grands-les-voyages-de-couac-la-mer","status":"publish","type":"post","link":"https:\/\/www.azelot.fr\/?p=10030","title":{"rendered":"Spectacle pour petits et grands : Les voyages de Couac &#8211; la mer"},"content":{"rendered":"<p>Oyez, oyez petits et grands ! Couac est de retour \u00e0 Azelot !<\/p>\n<p>Pour bien commencer les vacances, Couac viendra vous raconter ses voyages \u00e0 la mer. \u00c7a sera le lundi 20 d\u00e9cembre \u00e0 17h30 \u00e0 la salle communale d&rsquo;Azelot. Spectacle d\u00e8s 4 ans et pour toute la famille. Pass sanitaire et masque pour les plus de 12 ans. Ce spectacle vous est offert par le Foyer Rural d&rsquo;Azelot. Venez nombreux !<\/p>\n<p><a href=\"https:\/\/www.azelot.fr\/wp-content\/uploads\/2021\/12\/thumb_14835251855636_photo_hd_31800.jpg.webp\" data-rel=\"lightbox-gallery-KmO9Ei6m\" data-rl_title=\"\" data-rl_caption=\"\" title=\"\"><img loading=\"lazy\" decoding=\"async\" class=\"aligncenter size-full wp-image-10031\" src=\"https:\/\/www.azelot.fr\/wp-content\/uploads\/2021\/12\/thumb_14835251855636_photo_hd_31800.jpg.webp\" alt=\"\" width=\"282\" height=\"430\" srcset=\"https:\/\/www.azelot.fr\/wp-content\/uploads\/2021\/12\/thumb_14835251855636_photo_hd_31800.jpg.webp 282w, https:\/\/www.azelot.fr\/wp-content\/uploads\/2021\/12\/thumb_14835251855636_photo_hd_31800.jpg-197x300.webp 197w\" sizes=\"auto, (max-width: 282px) 100vw, 282px\" \/><\/a><\/p>\n<div id=\"blinkextension_snap_links_box_mg_mouse_gestures\" style=\"background-color: rgba(250, 128, 0, 0.07); border: 3px dashed blue; box-sizing: border-box; position: absolute; z-index: 2147483647; display: none; --darkreader-inline-bgcolor: rgba(200, 102, 0, 0.07); --darkreader-inline-border-top: #0000b3; --darkreader-inline-border-right: #0000b3; --darkreader-inline-border-bottom: #0000b3; --darkreader-inline-border-left: #0000b3; left: 209px; top: 98px;\" data-darkreader-inline-bgcolor=\"\" data-darkreader-inline-border-top=\"\" data-darkreader-inline-border-right=\"\" data-darkreader-inline-border-bottom=\"\" data-darkreader-inline-border-left=\"\"><\/div>\n<div id=\"hit_a_link_blinkextension_container_mg_mouse_gestures\" style=\"display: none; position: absolute; left: 0px; top: 0px; width: 0px; height: 0px; z-index: 2147483647; background: rgba(0, 0, 0, 0) none repeat scroll 0% 0%; --darkreader-inline-bgcolor: rgba(0, 0, 0, 0); --darkreader-inline-bgimage: none;\" data-darkreader-inline-bgcolor=\"\" data-darkreader-inline-bgimage=\"\"><\/div>\n","protected":false},"excerpt":{"rendered":"<p>Oyez, oyez petits et grands ! Couac est de retour \u00e0 Azelot ! Pour bien commencer les vacances, Couac viendra vous raconter ses voyages \u00e0 la mer. \u00c7a sera le lundi 20 d\u00e9cembre \u00e0 17h30 \u00e0 la salle communale d&rsquo;Azelot&#8230;.<br \/><a class=\"read-more-button\" href=\"https:\/\/www.azelot.fr\/?p=10030\">Savoir plus<\/a><\/p>\n","protected":false},"author":3,"featured_media":0,"comment_status":"open","ping_status":"open","sticky":false,"template":"","format":"standard","meta":{"activitypub_content_warning":"","activitypub_content_visibility":"","activitypub_max_image_attachments":4,"activitypub_interaction_policy_quote":"","activitypub_status":"","footnotes":""},"categories":[5],"tags":[],"class_list":["post-10030","post","type-post","status-publish","format-standard","hentry","category-foyer-rural"],"_links":{"self":[{"href":"https:\/\/www.azelot.fr\/index.php?rest_route=\/wp\/v2\/posts\/10030","targetHints":{"allow":["GET"]}}],"collection":[{"href":"https:\/\/www.azelot.fr\/index.php?rest_route=\/wp\/v2\/posts"}],"about":[{"href":"https:\/\/www.azelot.fr\/index.php?rest_route=\/wp\/v2\/types\/post"}],"author":[{"embeddable":true,"href":"https:\/\/www.azelot.fr\/index.php?rest_route=\/wp\/v2\/users\/3"}],"replies":[{"embeddable":true,"href":"https:\/\/www.azelot.fr\/index.php?rest_route=%2Fwp%2Fv2%2Fcomments&post=10030"}],"version-history":[{"count":1,"href":"https:\/\/www.azelot.fr\/index.php?rest_route=\/wp\/v2\/posts\/10030\/revisions"}],"predecessor-version":[{"id":10032,"href":"https:\/\/www.azelot.fr\/index.php?rest_route=\/wp\/v2\/posts\/10030\/revisions\/10032"}],"wp:attachment":[{"href":"https:\/\/www.azelot.fr\/index.php?rest_route=%2Fwp%2Fv2%2Fmedia&parent=10030"}],"wp:term":[{"taxonomy":"category","embeddable":true,"href":"https:\/\/www.azelot.fr\/index.php?rest_route=%2Fwp%2Fv2%2Fcategories&post=10030"},{"taxonomy":"post_tag","embeddable":true,"href":"https:\/\/www.azelot.fr\/index.php?rest_route=%2Fwp%2Fv2%2Ftags&post=10030"}],"curies":[{"name":"wp","href":"https:\/\/api.w.org\/{rel}","templated":true}]}}